{"id":273388,"date":"2026-09-02T17:09:35","date_gmt":"2026-09-02T15:09:35","guid":{"rendered":"https:\/\/www.messinaoggi.it\/website\/2026\/09\/02\/ucraina-rutte-la-nostra-unita-non-e-in-discussione-sostegno-chiaro-a-kiev\/"},"modified":"2026-09-02T17:09:35","modified_gmt":"2026-09-02T15:09:35","slug":"ucraina-rutte-la-nostra-unita-non-e-in-discussione-sostegno-chiaro-a-kiev","status":"publish","type":"post","link":"https:\/\/www.messinaoggi.it\/website\/2026\/09\/02\/ucraina-rutte-la-nostra-unita-non-e-in-discussione-sostegno-chiaro-a-kiev\/","title":{"rendered":"Ucraina, Rutte \u201cLa nostra unit\u00e0 non \u00e8 in discussione, sostegno chiaro a Kiev\u201d"},"content":{"rendered":"<div>BRUXELLES (BELGIO) (ITALPRESS) &#8211; &#8220;Se la Russia pensa che ci spaventeremo per le minacce o che smetteremo di aiutare l&#8217;Ucraina, si sbaglia, la nostra unit\u00e0 non \u00e8 in discussione, il nostro sostegno all&#8217;Ucraina \u00e8 chiaro&#8221;. Lo ha detto il segretario generale della Nato Mark Rutte nel corso di una conferenza stampa congiunta con la presidente della Commissione europea, Ursula von der Leyen. &#8220;Ad Ankara gli alleati hanno accettato di dare circa 70 miliardi di euro per sostenere l&#8217;Ucraina quest&#8217;anno e lo stesso vale anche per il prossimo anno. Il prestito dell&#8217;Unione Europea \u00e8 un elemento cruciale di questo sostegno&#8221;, ha concluso.<br \/>(ITALPRESS).<div id=\"div-gpt-ad-Messinaoggi.it-DSK-300x250-corpoart\" style=\"text-align:center;margin:0 auto;\"><\/div><\/p>\n<p>&#8211; foto: Ipa Agency &#8211;<div id=\"videoincontent\" style=\"clear:both\";><\/div><\/p><\/div>\n","protected":false},"excerpt":{"rendered":"<p>BRUXELLES (BELGIO) (ITALPRESS) &#8211; &#8220;Se la Russia pensa che ci spaventeremo per le minacce o che smetteremo di aiutare l&#8217;Ucraina, si sbaglia, la nostra unit\u00e0 non \u00e8 in discussione, il nostro sostegno all&#8217;Ucraina \u00e8 chiaro&#8221;. Lo ha detto il segretario generale della Nato Mark Rutte nel corso di una conferenza stampa congiunta con la presidente [&hellip;]<\/p>\n","protected":false},"author":18,"featured_media":273389,"comment_status":"closed","ping_status":"closed","sticky":false,"template":"","format":"standard","meta":{"ub_ctt_via":"","_mi_skip_tracking":false},"categories":[446],"tags":[783],"featured_image_src":"https:\/\/www.messinaoggi.it\/website\/wp-content\/uploads\/2026\/09\/20260902_1827.jpg","author_info":{"display_name":"Admin","author_link":"https:\/\/www.messinaoggi.it\/website\/author\/admin\/"},"digistream_id":0,"digistream":false,"_links":{"self":[{"href":"https:\/\/www.messinaoggi.it\/website\/wp-json\/wp\/v2\/posts\/273388"}],"collection":[{"href":"https:\/\/www.messinaoggi.it\/website\/wp-json\/wp\/v2\/posts"}],"about":[{"href":"https:\/\/www.messinaoggi.it\/website\/wp-json\/wp\/v2\/types\/post"}],"author":[{"embeddable":true,"href":"https:\/\/www.messinaoggi.it\/website\/wp-json\/wp\/v2\/users\/18"}],"replies":[{"embeddable":true,"href":"https:\/\/www.messinaoggi.it\/website\/wp-json\/wp\/v2\/comments?post=273388"}],"version-history":[{"count":0,"href":"https:\/\/www.messinaoggi.it\/website\/wp-json\/wp\/v2\/posts\/273388\/revisions"}],"wp:featuredmedia":[{"embeddable":true,"href":"https:\/\/www.messinaoggi.it\/website\/wp-json\/wp\/v2\/media\/273389"}],"wp:attachment":[{"href":"https:\/\/www.messinaoggi.it\/website\/wp-json\/wp\/v2\/media?parent=273388"}],"wp:term":[{"taxonomy":"category","embeddable":true,"href":"https:\/\/www.messinaoggi.it\/website\/wp-json\/wp\/v2\/categories?post=273388"},{"taxonomy":"post_tag","embeddable":true,"href":"https:\/\/www.messinaoggi.it\/website\/wp-json\/wp\/v2\/tags?post=273388"}],"curies":[{"name":"wp","href":"https:\/\/api.w.org\/{rel}","templated":true}]}}