{"id":273386,"date":"2026-09-02T17:09:33","date_gmt":"2026-09-02T15:09:33","guid":{"rendered":"https:\/\/www.messinaoggi.it\/website\/2026\/09\/02\/von-der-leyen-ue-e-nato-unite-manterranno-la-pressione-sulla-russia\/"},"modified":"2026-09-02T17:09:33","modified_gmt":"2026-09-02T15:09:33","slug":"von-der-leyen-ue-e-nato-unite-manterranno-la-pressione-sulla-russia","status":"publish","type":"post","link":"https:\/\/www.messinaoggi.it\/website\/2026\/09\/02\/von-der-leyen-ue-e-nato-unite-manterranno-la-pressione-sulla-russia\/","title":{"rendered":"Von der Leyen \u201cUe e Nato unite, manterranno la pressione sulla Russia\u201d"},"content":{"rendered":"<div>BRUXELLES (BELGIO) (ITALPRESS) &#8211; L&#8217;Ue e la Nato manterranno la propria pressione sulla Russia. Lo ha dichiarato la presidente della Commissione europea Ursula von der Leyen in un punto stampa con il segretario generale della Nato Mark Rutte prima del loro incontro a Bruxelles. &#8220;Non ci fermeremo finch\u00e8 la Russia non smetter\u00e0 di uccidere e bombardare uomini, donne e bambini innocenti in Ucraina&#8221;, ha detto von der Leyen. &#8220;Abbiamo visto una nuova escalation sul suolo dell&#8217;Unione europea che \u00e8 direttamente attribuita alla Russia e fa parte di un modello pi\u00f9 ampio, che \u00e8 una maggiore incidenza, incursioni ripetute sui nostri spazi aerei, tentativi di paralizzare i nostri aeroporti con dei droni, attaccare le nostre infrastrutture critiche. Gli europei si trovano di fronte ad una verit\u00e0 dura, ovvero che questa \u00e8 la nuova norma&#8221;, ha detto. &#8220;Allora dobbiamo intervenire maggiormente, e questo vuol dire essere pronti a rispondere alla crudelt\u00e0 della Russia in modo migliore e in modo pi\u00f9 rapido. Dobbiamo trattare le nostre infrastrutture quotidiane come degli obiettivi in prima linea e dobbiamo di conseguenza proteggerle in maniera adeguata e sostenere qualunque Stato membro che venga attaccato dalla Russia. L&#8217;Europa ha gi\u00e0 un team di risposta rapida che pu\u00f2 rispondere a questo tipo di attacchi, sia che accadano all&#8217;interno o all&#8217;esterno della nostra Unione. Quindi la nostra forza, la nostra preparazione, la nostra determinazione \u00e8 la nostra forma di deterrenza&#8221;, ha concluso von der Leyen.<br \/>(ITALPRESS).<div id=\"div-gpt-ad-Messinaoggi.it-DSK-300x250-corpoart\" style=\"text-align:center;margin:0 auto;\"><\/div><\/p>\n<p>&#8211; foto: Ipa Agency &#8211;<div id=\"videoincontent\" style=\"clear:both\";><\/div><\/p><\/div>\n","protected":false},"excerpt":{"rendered":"<p>BRUXELLES (BELGIO) (ITALPRESS) &#8211; L&#8217;Ue e la Nato manterranno la propria pressione sulla Russia. Lo ha dichiarato la presidente della Commissione europea Ursula von der Leyen in un punto stampa con il segretario generale della Nato Mark Rutte prima del loro incontro a Bruxelles. &#8220;Non ci fermeremo finch\u00e8 la Russia non smetter\u00e0 di uccidere e [&hellip;]<\/p>\n","protected":false},"author":18,"featured_media":273387,"comment_status":"closed","ping_status":"closed","sticky":false,"template":"","format":"standard","meta":{"ub_ctt_via":"","_mi_skip_tracking":false},"categories":[446],"tags":[783],"featured_image_src":"https:\/\/www.messinaoggi.it\/website\/wp-content\/uploads\/2026\/09\/20260902_1720.jpg","author_info":{"display_name":"Admin","author_link":"https:\/\/www.messinaoggi.it\/website\/author\/admin\/"},"digistream_id":0,"digistream":false,"_links":{"self":[{"href":"https:\/\/www.messinaoggi.it\/website\/wp-json\/wp\/v2\/posts\/273386"}],"collection":[{"href":"https:\/\/www.messinaoggi.it\/website\/wp-json\/wp\/v2\/posts"}],"about":[{"href":"https:\/\/www.messinaoggi.it\/website\/wp-json\/wp\/v2\/types\/post"}],"author":[{"embeddable":true,"href":"https:\/\/www.messinaoggi.it\/website\/wp-json\/wp\/v2\/users\/18"}],"replies":[{"embeddable":true,"href":"https:\/\/www.messinaoggi.it\/website\/wp-json\/wp\/v2\/comments?post=273386"}],"version-history":[{"count":0,"href":"https:\/\/www.messinaoggi.it\/website\/wp-json\/wp\/v2\/posts\/273386\/revisions"}],"wp:featuredmedia":[{"embeddable":true,"href":"https:\/\/www.messinaoggi.it\/website\/wp-json\/wp\/v2\/media\/273387"}],"wp:attachment":[{"href":"https:\/\/www.messinaoggi.it\/website\/wp-json\/wp\/v2\/media?parent=273386"}],"wp:term":[{"taxonomy":"category","embeddable":true,"href":"https:\/\/www.messinaoggi.it\/website\/wp-json\/wp\/v2\/categories?post=273386"},{"taxonomy":"post_tag","embeddable":true,"href":"https:\/\/www.messinaoggi.it\/website\/wp-json\/wp\/v2\/tags?post=273386"}],"curies":[{"name":"wp","href":"https:\/\/api.w.org\/{rel}","templated":true}]}}