{"id":273368,"date":"2026-09-02T10:02:51","date_gmt":"2026-09-02T08:02:51","guid":{"rendered":"http:\/\/www.messinaoggi.it\/website\/?p=273368"},"modified":"2026-09-02T10:02:52","modified_gmt":"2026-09-02T08:02:52","slug":"sciotto-sacrificato-per-fare-spazio-allex-pr-lo-giudice","status":"publish","type":"post","link":"https:\/\/www.messinaoggi.it\/website\/2026\/09\/02\/sciotto-sacrificato-per-fare-spazio-allex-pr-lo-giudice\/","title":{"rendered":"Sciotto sacrificato per fare spazio all&#8217;ex &#8220;pr&#8221; Lo Giudice"},"content":{"rendered":"\n<p>La candidatura di Danilo Lo Giudice nella lista dei deputati uscenti mette in serio pericolo l\u2019elezione di Matteo Sciotto. Questo lo sa lo stesso sindaco di Santa Lucia del Mela che, pare, non l\u2019abbia presa bene. Di sicuro non avr\u00e0 fatto salti di gioia, anche perch\u00e9 De Luca gli ha anche piazzato due candidati nel comprensorio di riferimento. Sottile e Italiano del resto pescano nelle stesso mare di Sciotto, dove peraltro navigano due autentiche portaerei di consensi, ovvero Calderone e Galluzzo.<div id=\"div-gpt-ad-Messinaoggi.it-DSK-300x250-corpoart\" style=\"text-align:center;margin:0 auto;\"><\/div><\/p>\n\n\n\n<p>La conferenza di luned\u00ec scorso ha lasciato sul campo veleni e malumori. La composizione delle liste \u00e8 stata fatta in maniera strategica per garantire l\u2019elezione dei fedelissimi di Cateno: ovvero Lombardo e Lo Giudice. Quest\u2019ultimo la prossima primavera rimarr\u00e0 senza poltrona perch\u00e9 ha esaurito il bonus dei mandati in qualit\u00e0 di sindaco a Santa Teresa di Riva.<div id=\"videoincontent\" style=\"clear:both\";><\/div><\/p>\n\n\n\n<p>L\u2019ex pr \u00e8 stato candidato nella lista pi\u00f9 forte e quasi certamente Sciotto sar\u00e0 l\u2019agnello sacrificale a meno che non decida di traslocare in qualche altro partito e tentare una strada alternativa visto che De Luca gliel\u2019ha sbarrata?<\/p>\n\n\n\n<p><strong>D. Gam.<\/strong><\/p>\n","protected":false},"excerpt":{"rendered":"<p>La candidatura di Danilo Lo Giudice nella lista dei deputati uscenti mette in serio pericolo l\u2019elezione di Matteo Sciotto. Questo lo sa lo stesso sindaco di Santa Lucia del Mela che, pare, non l\u2019abbia presa bene. Di sicuro non avr\u00e0 fatto salti di gioia, anche perch\u00e9 De Luca gli ha anche piazzato due candidati nel [&hellip;]<\/p>\n","protected":false},"author":2,"featured_media":165714,"comment_status":"open","ping_status":"open","sticky":false,"template":"","format":"standard","meta":{"ub_ctt_via":"","_mi_skip_tracking":false},"categories":[6],"tags":[126,1032,1339,6684,5307],"featured_image_src":"https:\/\/www.messinaoggi.it\/website\/wp-content\/uploads\/2023\/08\/Matteo-Sciotto.jpg","author_info":{"display_name":"Redazione","author_link":"https:\/\/www.messinaoggi.it\/website\/author\/redazione\/"},"digistream_id":0,"digistream":false,"_links":{"self":[{"href":"https:\/\/www.messinaoggi.it\/website\/wp-json\/wp\/v2\/posts\/273368"}],"collection":[{"href":"https:\/\/www.messinaoggi.it\/website\/wp-json\/wp\/v2\/posts"}],"about":[{"href":"https:\/\/www.messinaoggi.it\/website\/wp-json\/wp\/v2\/types\/post"}],"author":[{"embeddable":true,"href":"https:\/\/www.messinaoggi.it\/website\/wp-json\/wp\/v2\/users\/2"}],"replies":[{"embeddable":true,"href":"https:\/\/www.messinaoggi.it\/website\/wp-json\/wp\/v2\/comments?post=273368"}],"version-history":[{"count":1,"href":"https:\/\/www.messinaoggi.it\/website\/wp-json\/wp\/v2\/posts\/273368\/revisions"}],"predecessor-version":[{"id":273369,"href":"https:\/\/www.messinaoggi.it\/website\/wp-json\/wp\/v2\/posts\/273368\/revisions\/273369"}],"wp:featuredmedia":[{"embeddable":true,"href":"https:\/\/www.messinaoggi.it\/website\/wp-json\/wp\/v2\/media\/165714"}],"wp:attachment":[{"href":"https:\/\/www.messinaoggi.it\/website\/wp-json\/wp\/v2\/media?parent=273368"}],"wp:term":[{"taxonomy":"category","embeddable":true,"href":"https:\/\/www.messinaoggi.it\/website\/wp-json\/wp\/v2\/categories?post=273368"},{"taxonomy":"post_tag","embeddable":true,"href":"https:\/\/www.messinaoggi.it\/website\/wp-json\/wp\/v2\/tags?post=273368"}],"curies":[{"name":"wp","href":"https:\/\/api.w.org\/{rel}","templated":true}]}}