{"id":273329,"date":"2026-09-01T19:09:36","date_gmt":"2026-09-01T17:09:36","guid":{"rendered":"https:\/\/www.messinaoggi.it\/website\/2026\/09\/01\/milano-calabresi-da-le-dimissioni-da-chora-media-pronto-a-candidarsi-a-sindaco\/"},"modified":"2026-09-01T19:09:36","modified_gmt":"2026-09-01T17:09:36","slug":"milano-calabresi-da-le-dimissioni-da-chora-media-pronto-a-candidarsi-a-sindaco","status":"publish","type":"post","link":"https:\/\/www.messinaoggi.it\/website\/2026\/09\/01\/milano-calabresi-da-le-dimissioni-da-chora-media-pronto-a-candidarsi-a-sindaco\/","title":{"rendered":"Milano, Calabresi d\u00e0 le dimissioni da Chora Media. Pronto a candidarsi a sindaco"},"content":{"rendered":"<div>MILANO (ITALPRESS) &#8211; Il giornalista Mario Calabresi sarebbe pronto a candidarsi a sindaco di Milano. L&#8217;ex direttore de La Stampa e Repubblica avrebbe gi\u00e0 comunicato ai colleghi le proprie dimissioni dall&#8217;incarico di direttore editoriale di Chora Media e dalla presidenza del Consiglio di amministrazione di Be Water Content, il gruppo che comprende Chora e Will Media. Le dimissioni, secondo quanto riportato dal Corriere della Sera, sarebbero legate alla volont\u00e0 di ufficializzare la sua candidatura alle prossime elezioni comunali di Milano, un&#8217;ipotesi di cui si parla ormai da diversi mesi. &#8220;Dopo sei anni e 420 serie podcast lascio Chora. Scrivere questa frase mi fa fatica e molta impressione. Chora \u00e8 stata una casa ma anche la mia terza figlia. Un&#8217;avventura straordinaria&#8221;. Lo scrive sui social il giornalista Mario Calabresi. &#8220;La lascio quando va benissimo: \u00e8 solida, piena di energie, di idee, continua a crescere, \u00e8 in buone mani e da questa settimana ha una bellissima sede sul Naviglio. Lascio perch\u00e8 sento forte il richiamo a percorrere una strada nuova&#8221;, aggiunge, sottolineando poi: &#8220;Domani guarder\u00f2 al futuro, oggi voglio fermarmi a pensare con emozione e gratitudine a quello che abbiamo costruito insieme, alla visione che ho condiviso ogni giorno con Guido Brera, che non ha mai smesso di crederci, alla squadra di persone eccezionali con cui ho lavorato, alla libert\u00e0 totale che abbiamo avuto&#8221;. &#8220;Rester\u00e0 sempre la mia casa e anche se oggi mi sono dimesso da direttore e non sono pi\u00f9 socio &#8211; conclude Calabresi -. La prossima settimana far\u00f2 ancora una volta la rassegna Seietrenta, un paio di puntate di Altre\/Storie americane e il Festival di Future4cities a Torino. Buona vita Chora, Will e Cronache, sarete sempre nel mio cuore&#8221;. (ITALPRESS).<div id=\"div-gpt-ad-Messinaoggi.it-DSK-300x250-corpoart\" style=\"text-align:center;margin:0 auto;\"><\/div><\/p>\n<p>Foto: Ipa Agency<\/div>\n<div id=\"videoincontent\" style=\"clear:both\";><\/div>","protected":false},"excerpt":{"rendered":"<p>MILANO (ITALPRESS) &#8211; Il giornalista Mario Calabresi sarebbe pronto a candidarsi a sindaco di Milano. L&#8217;ex direttore de La Stampa e Repubblica avrebbe gi\u00e0 comunicato ai colleghi le proprie dimissioni dall&#8217;incarico di direttore editoriale di Chora Media e dalla presidenza del Consiglio di amministrazione di Be Water Content, il gruppo che comprende Chora e Will [&hellip;]<\/p>\n","protected":false},"author":18,"featured_media":273330,"comment_status":"closed","ping_status":"closed","sticky":false,"template":"","format":"standard","meta":{"ub_ctt_via":"","_mi_skip_tracking":false},"categories":[446],"tags":[783],"featured_image_src":"https:\/\/www.messinaoggi.it\/website\/wp-content\/uploads\/2026\/09\/20260901_2115.jpg","author_info":{"display_name":"Admin","author_link":"https:\/\/www.messinaoggi.it\/website\/author\/admin\/"},"digistream_id":0,"digistream":false,"_links":{"self":[{"href":"https:\/\/www.messinaoggi.it\/website\/wp-json\/wp\/v2\/posts\/273329"}],"collection":[{"href":"https:\/\/www.messinaoggi.it\/website\/wp-json\/wp\/v2\/posts"}],"about":[{"href":"https:\/\/www.messinaoggi.it\/website\/wp-json\/wp\/v2\/types\/post"}],"author":[{"embeddable":true,"href":"https:\/\/www.messinaoggi.it\/website\/wp-json\/wp\/v2\/users\/18"}],"replies":[{"embeddable":true,"href":"https:\/\/www.messinaoggi.it\/website\/wp-json\/wp\/v2\/comments?post=273329"}],"version-history":[{"count":0,"href":"https:\/\/www.messinaoggi.it\/website\/wp-json\/wp\/v2\/posts\/273329\/revisions"}],"wp:featuredmedia":[{"embeddable":true,"href":"https:\/\/www.messinaoggi.it\/website\/wp-json\/wp\/v2\/media\/273330"}],"wp:attachment":[{"href":"https:\/\/www.messinaoggi.it\/website\/wp-json\/wp\/v2\/media?parent=273329"}],"wp:term":[{"taxonomy":"category","embeddable":true,"href":"https:\/\/www.messinaoggi.it\/website\/wp-json\/wp\/v2\/categories?post=273329"},{"taxonomy":"post_tag","embeddable":true,"href":"https:\/\/www.messinaoggi.it\/website\/wp-json\/wp\/v2\/tags?post=273329"}],"curies":[{"name":"wp","href":"https:\/\/api.w.org\/{rel}","templated":true}]}}