{"id":273321,"date":"2026-09-01T14:04:33","date_gmt":"2026-09-01T12:04:33","guid":{"rendered":"https:\/\/www.messinaoggi.it\/website\/2026\/09\/01\/e-morto-a-26-anni-il-giovane-rimasto-ustionato-da-un-incendio-divampato-nel-palermitano-schifani-nessuna-pieta-per-chi-appicca-il-fuoco\/"},"modified":"2026-09-01T14:04:33","modified_gmt":"2026-09-01T12:04:33","slug":"e-morto-a-26-anni-il-giovane-rimasto-ustionato-da-un-incendio-divampato-nel-palermitano-schifani-nessuna-pieta-per-chi-appicca-il-fuoco","status":"publish","type":"post","link":"https:\/\/www.messinaoggi.it\/website\/2026\/09\/01\/e-morto-a-26-anni-il-giovane-rimasto-ustionato-da-un-incendio-divampato-nel-palermitano-schifani-nessuna-pieta-per-chi-appicca-il-fuoco\/","title":{"rendered":"\u00c8 morto a 26 anni il giovane rimasto ustionato da un incendio divampato nel Palermitano, Schifani: \u201cNessuna piet\u00e0 per chi appicca il fuoco\u201d"},"content":{"rendered":"<div>\n<p>PALERMO (ITALPRESS) \u2013<strong> E\u2019 morto Salvatore Giglia, il giovane di 26 anni rimasto gravemente ustionato<\/strong> mentre tentava di <strong>spegnere un incendio divampato nei pressi della sua abitazione, a Ciminna, in provincia di Palermo.<\/strong> Il decesso \u00e8 avvenuto stamane nel <strong>reparto di Rianimazione dell\u2019ospedale Civico di Palermo<\/strong>, dove era stato ricoverato in gravi condizioni.<div id=\"div-gpt-ad-Messinaoggi.it-DSK-300x250-corpoart\" style=\"text-align:center;margin:0 auto;\"><\/div><\/p>\n<p>\u201c<em>E\u2019 volato in cielo un angelo, un dolore immenso! La nostra comunit\u00e0 \u00e8 oggi profondamente colpita dalla prematura scomparsa di Salvatore Giglia, giovane di appena 26 ann<\/em>i \u2013 scrive su Facebook il<strong> sindaco Vito Filippo Barone<\/strong> -. <em>Di fronte a una perdita cos\u00ec dolorosa e ingiusta, le parole sembrano non essere sufficienti. \u00c8 difficile accettare che una vita cos\u00ec giovane, con ancora tanti sogni, progetti e speranze davanti a s\u00e9, sia stata spezzata cos\u00ec presto. In questo momento di immenso dolore, desideriamo esprimere la nostra pi\u00f9 sincera vicinanza alla famiglia, agli amici e a tutte le persone che gli hanno voluto bene e che oggi ne piangono la scomparsa, facendoci interpreti del dolore e della commozione dell\u2019intera comunit\u00e0. In occasione delle esequie funebri sar\u00e0 proclamato il lutto cittadino. A nome di tutta la comunit\u00e0, le pi\u00f9 sentite condoglianze alla famiglia\u201d.<\/em><div id=\"videoincontent\" style=\"clear:both\";><\/div><\/p>\n<h3><strong>SCHIFANI \u201cNESSUNA PIETA\u2019 PER CHI APPICCA FUOCO\u201d<\/strong><\/h3>\n<p><em>\u201cLa morte di Salvatore Giglia, a soli 26 anni, colpisce profondamente tutti noi. Ha perso la vita mentre cercava di difendere la sua terra e la sua casa dalle fiamme. <strong>Alla sua famiglia, ai suoi amici e a tutta la comunit\u00e0 di Ciminna esprimo la mia vicinanza e il pi\u00f9 sincero cordoglio di tutti i siciliani\u201d<\/strong>.<\/em> Lo dichiara il <strong>presidente della Regione Renato Schifani<\/strong>. <em>\u201cAl dolore<\/em> \u2013 prosegue \u2013 <strong><em>si aggiunge una rabbia profonda<\/em><\/strong>. <em>Se sar\u00e0 accertata la natura dolosa dell\u2019incendio, i responsabili dovranno essere individuati e puniti con la massima severit\u00e0 prevista dalla legge. Chi appicca un incendio non compie una bravata: mette deliberatamente a rischio vite umane, distrugge territori, minaccia case e comunit\u00e0 intere. Di fronte a comportamenti di questa gravit\u00e0 non possono esserci attenuanti, indulgenze o esitazioni. <strong>Servono pene esemplari, controlli serrati e un\u2019azione dello Stato inflessibile contro chi usa il fuoco come strumento di devastazione e di morte\u201d.<\/strong><\/em><strong>\u00a0<\/strong><\/p>\n<h3><strong>L\u2019ARCIVESCOVO DI PALERMO PRESIEDERA\u2019 I FUNERALI DI DOMANI<\/strong><\/h3>\n<p>Sar\u00e0 l\u2019<strong>Arcivescovo di Palermo, monsignor Corrado Lorefice<\/strong>, a presiedere i <strong>funerali del giovane Salvatore Giglia<\/strong>, morto per le gravi ustioni riportate nel tentativo di arginare il fuoco durante l\u2019incendio divampato tre giorni fa alle porte di Ciminna. La celebrazione avr\u00e0 luogo domani,<strong> alle ore 16, nella Parrocchia Santa Maria Maddalena, Chiesa Madre di Ciminna, in provincia di Palermo<\/strong>. E\u2019 quanto si legge in una nota dell\u2019Arcidiocesi.<\/p>\n<p>-Foto di repertorio IPA Agency-<br \/>\n(ITALPRESS).<\/p>\n<\/div>\n","protected":false},"excerpt":{"rendered":"<p>PALERMO (ITALPRESS) \u2013 E\u2019 morto Salvatore Giglia, il giovane di 26 anni rimasto gravemente ustionato mentre tentava di spegnere un incendio divampato nei pressi della sua abitazione, a Ciminna, in provincia di Palermo. Il decesso \u00e8 avvenuto stamane nel reparto di Rianimazione dell\u2019ospedale Civico di Palermo, dove era stato ricoverato in gravi condizioni. \u201cE\u2019 volato [&hellip;]<\/p>\n","protected":false},"author":18,"featured_media":273322,"comment_status":"closed","ping_status":"closed","sticky":false,"template":"","format":"standard","meta":{"ub_ctt_via":"","_mi_skip_tracking":false},"categories":[2449],"tags":[783],"featured_image_src":"https:\/\/www.messinaoggi.it\/website\/wp-content\/uploads\/2026\/09\/Incendio-Trapanese-IPA.jpg","author_info":{"display_name":"Admin","author_link":"https:\/\/www.messinaoggi.it\/website\/author\/admin\/"},"digistream_id":0,"digistream":false,"_links":{"self":[{"href":"https:\/\/www.messinaoggi.it\/website\/wp-json\/wp\/v2\/posts\/273321"}],"collection":[{"href":"https:\/\/www.messinaoggi.it\/website\/wp-json\/wp\/v2\/posts"}],"about":[{"href":"https:\/\/www.messinaoggi.it\/website\/wp-json\/wp\/v2\/types\/post"}],"author":[{"embeddable":true,"href":"https:\/\/www.messinaoggi.it\/website\/wp-json\/wp\/v2\/users\/18"}],"replies":[{"embeddable":true,"href":"https:\/\/www.messinaoggi.it\/website\/wp-json\/wp\/v2\/comments?post=273321"}],"version-history":[{"count":0,"href":"https:\/\/www.messinaoggi.it\/website\/wp-json\/wp\/v2\/posts\/273321\/revisions"}],"wp:featuredmedia":[{"embeddable":true,"href":"https:\/\/www.messinaoggi.it\/website\/wp-json\/wp\/v2\/media\/273322"}],"wp:attachment":[{"href":"https:\/\/www.messinaoggi.it\/website\/wp-json\/wp\/v2\/media?parent=273321"}],"wp:term":[{"taxonomy":"category","embeddable":true,"href":"https:\/\/www.messinaoggi.it\/website\/wp-json\/wp\/v2\/categories?post=273321"},{"taxonomy":"post_tag","embeddable":true,"href":"https:\/\/www.messinaoggi.it\/website\/wp-json\/wp\/v2\/tags?post=273321"}],"curies":[{"name":"wp","href":"https:\/\/api.w.org\/{rel}","templated":true}]}}