{"id":273313,"date":"2026-09-01T11:09:52","date_gmt":"2026-09-01T09:09:52","guid":{"rendered":"https:\/\/www.messinaoggi.it\/website\/2026\/09\/01\/tajani-stop-schengen-necessario-pericolo-jihadista-da-non-sottovalutare\/"},"modified":"2026-09-01T11:09:52","modified_gmt":"2026-09-01T09:09:52","slug":"tajani-stop-schengen-necessario-pericolo-jihadista-da-non-sottovalutare","status":"publish","type":"post","link":"https:\/\/www.messinaoggi.it\/website\/2026\/09\/01\/tajani-stop-schengen-necessario-pericolo-jihadista-da-non-sottovalutare\/","title":{"rendered":"Tajani \u201cStop Schengen necessario, pericolo jihadista da non sottovalutare\u201d"},"content":{"rendered":"<div>ROMA (ITALPRESS) &#8211; &#8220;La nostra priorit\u00e0 \u00e8 la sicurezza interna. Il pericolo jihadista non va sottovalutato&#8221;. Cos\u00ec il vicepremier e ministro degli Esteri Antonio Tajani, in un&#8217;intervista al Corriere della Sera, difende la decisione dell&#8217;Italia di prorogare i controlli alle frontiere interne di Schengen, escludendo che alla base della scelta vi siano ragioni elettorali o la rivalit\u00e0 con il premier spagnolo Pedro S\u00e0nchez. &#8220;La proroga \u00e8 stata decisa dopo un attento esame del Comitato analisi immigrazione e sicurezza delle frontiere &#8211; spiega Tajani &#8211; e la ragione \u00e8 la prevenzione del terrorismo e il contrasto all&#8217;immigrazione irregolare. E&#8217; di questo che ci preoccupiamo, non di come la pensi S\u00e0nchez&#8221;. Il ministro sottolinea quindi i risultati dei controlli: &#8220;Durante l&#8217;ultimo mese ci sono stati 31 provvedimenti di respingimento alle frontiere marittime e aeroportuali, di cui otto erano marocchini. Sei sono stati arrestati. Non sono pochi&#8221;. Per Tajani, dunque, la proroga \u00e8 necessaria anche se &#8220;\u00e8 provvisoria e non \u00e8 contro qualcuno, ma a tutela della nostra sicurezza&#8221;. Il vicepremier rivendica inoltre di aver &#8220;diminuito di oltre il 60% l&#8217;immigrazione irregolare nel nostro Paese&#8221;.<div id=\"div-gpt-ad-Messinaoggi.it-DSK-300x250-corpoart\" style=\"text-align:center;margin:0 auto;\"><\/div><\/p>\n<p> &#8211; Foto Ipa Agency-<br \/>(ITALPRESS).<\/div>\n<div id=\"videoincontent\" style=\"clear:both\";><\/div>","protected":false},"excerpt":{"rendered":"<p>ROMA (ITALPRESS) &#8211; &#8220;La nostra priorit\u00e0 \u00e8 la sicurezza interna. Il pericolo jihadista non va sottovalutato&#8221;. Cos\u00ec il vicepremier e ministro degli Esteri Antonio Tajani, in un&#8217;intervista al Corriere della Sera, difende la decisione dell&#8217;Italia di prorogare i controlli alle frontiere interne di Schengen, escludendo che alla base della scelta vi siano ragioni elettorali o [&hellip;]<\/p>\n","protected":false},"author":18,"featured_media":273314,"comment_status":"closed","ping_status":"closed","sticky":false,"template":"","format":"standard","meta":{"ub_ctt_via":"","_mi_skip_tracking":false},"categories":[446],"tags":[783],"featured_image_src":"https:\/\/www.messinaoggi.it\/website\/wp-content\/uploads\/2026\/09\/20260901_0118.jpg","author_info":{"display_name":"Admin","author_link":"https:\/\/www.messinaoggi.it\/website\/author\/admin\/"},"digistream_id":0,"digistream":false,"_links":{"self":[{"href":"https:\/\/www.messinaoggi.it\/website\/wp-json\/wp\/v2\/posts\/273313"}],"collection":[{"href":"https:\/\/www.messinaoggi.it\/website\/wp-json\/wp\/v2\/posts"}],"about":[{"href":"https:\/\/www.messinaoggi.it\/website\/wp-json\/wp\/v2\/types\/post"}],"author":[{"embeddable":true,"href":"https:\/\/www.messinaoggi.it\/website\/wp-json\/wp\/v2\/users\/18"}],"replies":[{"embeddable":true,"href":"https:\/\/www.messinaoggi.it\/website\/wp-json\/wp\/v2\/comments?post=273313"}],"version-history":[{"count":0,"href":"https:\/\/www.messinaoggi.it\/website\/wp-json\/wp\/v2\/posts\/273313\/revisions"}],"wp:featuredmedia":[{"embeddable":true,"href":"https:\/\/www.messinaoggi.it\/website\/wp-json\/wp\/v2\/media\/273314"}],"wp:attachment":[{"href":"https:\/\/www.messinaoggi.it\/website\/wp-json\/wp\/v2\/media?parent=273313"}],"wp:term":[{"taxonomy":"category","embeddable":true,"href":"https:\/\/www.messinaoggi.it\/website\/wp-json\/wp\/v2\/categories?post=273313"},{"taxonomy":"post_tag","embeddable":true,"href":"https:\/\/www.messinaoggi.it\/website\/wp-json\/wp\/v2\/tags?post=273313"}],"curies":[{"name":"wp","href":"https:\/\/api.w.org\/{rel}","templated":true}]}}