{"id":273300,"date":"2026-09-01T08:20:08","date_gmt":"2026-09-01T06:20:08","guid":{"rendered":"http:\/\/www.messinaoggi.it\/website\/?p=273300"},"modified":"2026-09-01T08:20:09","modified_gmt":"2026-09-01T06:20:09","slug":"de-luca-in-crisi-si-sfila-il-primo-candidato-alle-regionali","status":"publish","type":"post","link":"https:\/\/www.messinaoggi.it\/website\/2026\/09\/01\/de-luca-in-crisi-si-sfila-il-primo-candidato-alle-regionali\/","title":{"rendered":"De Luca in crisi: si \u201csfila\u201d il primo candidato alle regionali?"},"content":{"rendered":"\n<p>Prima di annunciare i nomi dei candidati nelle tre liste alle regionali, Cateno De Luca durante la diretta ridacchiando ha affermato rivolgendosi al \u201cfido\u201d Basile: \u201cAdesso arriva qualche messaggio di qualcuno che dice di non volersi candidare, ma noi andiamo avanti lo stesso\u201d.<div id=\"div-gpt-ad-Messinaoggi.it-DSK-300x250-corpoart\" style=\"text-align:center;margin:0 auto;\"><\/div><\/p>\n\n\n\n<p>A chi si riferiva il leader di \u201cSud chiama Nord\u201d? Probabilmente a Dario Zante, candidato a sua insaputa nella lista \u201cDe Luca sindaco d Sicilia\u201d, uno schieramento che difficilmente superer\u00e0 la soglia di sbarramento.<div id=\"videoincontent\" style=\"clear:both\";><\/div><\/p>\n\n\n\n<p>De Luca, quando ha fatto quell\u2019affermazione era consapevole delle frizioni con il \u201ccespuglio\u201d di cui fa parte l\u2019ex consigliere comunale, nonch\u00e9 nipote dell\u2019avvocato Salvatore Silvestro. Ieri, il legale ha chiarito la sua posizione che non \u00e8 politica, anche perch\u00e9 ha ricevuto numerosi incarichi da Palazzo Zanca e per di pi\u00f9 \u00e8 il legale personale di Cateno De Luca. Occorre specificare che l&#8217;avvocato Silvestro non figura nell&#8217;elenco degli &#8220;inguaribili donatori&#8221; al partito di Cateno.<\/p>\n\n\n\n<p>Tuttavia, il problema politico con Dario Zante e il gruppo di cui fa parte (comprende i consiglieri comunali Chiarella, Bosurgi e Benedetto; oltre al presidente della VI Circoscrizione Sacha Cardile e il presidente in pectore della Patrimonio, Francesco Romano), c\u2019\u00e8 ed \u00e8 sotto gli occhi di tutti.<\/p>\n\n\n\n<p>Da fonti vicine al \u201ccespuglio\u201d di \u201cSud chiama Nord\u201d apprendiamo che Dario Zante ha gi\u00e0 declinato l\u2019invito di candidarsi alle prossime regionali.<\/p>\n\n\n\n<p><strong>D. Gam.<\/strong><\/p>\n","protected":false},"excerpt":{"rendered":"<p>Prima di annunciare i nomi dei candidati nelle tre liste alle regionali, Cateno De Luca durante la diretta ridacchiando ha affermato rivolgendosi al \u201cfido\u201d Basile: \u201cAdesso arriva qualche messaggio di qualcuno che dice di non volersi candidare, ma noi andiamo avanti lo stesso\u201d. A chi si riferiva il leader di \u201cSud chiama Nord\u201d? Probabilmente a [&hellip;]<\/p>\n","protected":false},"author":2,"featured_media":273301,"comment_status":"open","ping_status":"open","sticky":false,"template":"","format":"standard","meta":{"ub_ctt_via":"","_mi_skip_tracking":false},"categories":[19],"tags":[126,14032,14033,5307],"featured_image_src":"https:\/\/www.messinaoggi.it\/website\/wp-content\/uploads\/2026\/09\/788795353_1625941112222535_6665288537382939415_n.jpg","author_info":{"display_name":"Redazione","author_link":"https:\/\/www.messinaoggi.it\/website\/author\/redazione\/"},"digistream_id":0,"digistream":false,"_links":{"self":[{"href":"https:\/\/www.messinaoggi.it\/website\/wp-json\/wp\/v2\/posts\/273300"}],"collection":[{"href":"https:\/\/www.messinaoggi.it\/website\/wp-json\/wp\/v2\/posts"}],"about":[{"href":"https:\/\/www.messinaoggi.it\/website\/wp-json\/wp\/v2\/types\/post"}],"author":[{"embeddable":true,"href":"https:\/\/www.messinaoggi.it\/website\/wp-json\/wp\/v2\/users\/2"}],"replies":[{"embeddable":true,"href":"https:\/\/www.messinaoggi.it\/website\/wp-json\/wp\/v2\/comments?post=273300"}],"version-history":[{"count":1,"href":"https:\/\/www.messinaoggi.it\/website\/wp-json\/wp\/v2\/posts\/273300\/revisions"}],"predecessor-version":[{"id":273302,"href":"https:\/\/www.messinaoggi.it\/website\/wp-json\/wp\/v2\/posts\/273300\/revisions\/273302"}],"wp:featuredmedia":[{"embeddable":true,"href":"https:\/\/www.messinaoggi.it\/website\/wp-json\/wp\/v2\/media\/273301"}],"wp:attachment":[{"href":"https:\/\/www.messinaoggi.it\/website\/wp-json\/wp\/v2\/media?parent=273300"}],"wp:term":[{"taxonomy":"category","embeddable":true,"href":"https:\/\/www.messinaoggi.it\/website\/wp-json\/wp\/v2\/categories?post=273300"},{"taxonomy":"post_tag","embeddable":true,"href":"https:\/\/www.messinaoggi.it\/website\/wp-json\/wp\/v2\/tags?post=273300"}],"curies":[{"name":"wp","href":"https:\/\/api.w.org\/{rel}","templated":true}]}}