{"id":273287,"date":"2026-08-31T21:09:35","date_gmt":"2026-08-31T19:09:35","guid":{"rendered":"https:\/\/www.messinaoggi.it\/website\/2026\/08\/31\/milano-beauty-week-loreal-italia-protagonista-tra-innovazione-e-sostenibilita\/"},"modified":"2026-08-31T21:09:35","modified_gmt":"2026-08-31T19:09:35","slug":"milano-beauty-week-loreal-italia-protagonista-tra-innovazione-e-sostenibilita","status":"publish","type":"post","link":"https:\/\/www.messinaoggi.it\/website\/2026\/08\/31\/milano-beauty-week-loreal-italia-protagonista-tra-innovazione-e-sostenibilita\/","title":{"rendered":"Milano Beauty Week, L\u2019Oreal Italia protagonista tra innovazione e sostenibilit\u00e0"},"content":{"rendered":"<div>MILANO (ITALPRESS) &#8211; Milano si prepara a vivere una nuova edizione della Beauty Week all&#8217;insegna della bellezza. L&#8217;Or\u00e8al Italia porter\u00e0 in diversi angoli della citt\u00e0 un calendario di iniziative gratuite pensate per coinvolgere il pubblico, trasformando alcune delle location pi\u00f9 rappresentative del capoluogo, dal Castello Sforzesco a Corso Vittorio Emanuele, da Piazza San Babila a Piazza 25 Aprile, in veri e propri punti d&#8217;incontro dedicati al mondo beauty.<br \/>Saranno dieci i brand del Gruppo coinvolti &#8211; L&#8217;Or\u00e8al Paris, Garnier, NYX Professional Makeup, Vichy, CeraVe, Color Wow, Armani Beauty, Lancome, Mugler e YSL Beauty &#8211; le cui attivit\u00e0 si articoleranno attorno a quattro direttrici strategiche: Innovazione e Longevity Science, Intrattenimento e Gen-Z Culture, Sostenibilit\u00e0 e modelli circolari e Impatto sociale e territorio.<br \/>\u00abLa Milano Beauty Week rappresenta un appuntamento imprescindibile per il nostro settore, capace di valorizzare la dimensione culturale, scientifica ed economica dell&#8217;industria cosmetica e di celebrarne la continua evoluzione &#8211; dichiara Ninell Sobiecka, Presidente e Amministratore Delegato di L&#8217;Or\u00e8al Italia &#8211; Essere presenti nei luoghi simbolo di Milano con dieci dei nostri brand significa per noi rinnovare un dialogo vivo con la citt\u00e0, promuovendo una bellezza autentica, inclusiva, responsabile e guidata dall&#8217;innovazione\u00bb.<br \/>La ricerca scientifica e l&#8217;innovazione dermocosmetica saranno al centro dei pop up firmati dai brand Vichy, L&#8217;Or\u00e8al Paris, Garnier e Color Wow, dal 16 al 20 settembre. All&#8217;interno dei pop-up, i visitatori potranno vivere un&#8217;esperienza esclusiva: analisi cutanee gratuite con consulenti dermocosmetiche, trattamenti relax dedicati e consulenze personalizzate con hairstylist professionisti. In particolare: Vichy (Piazza San Babila) presenter\u00e0 l&#8217;innovativo protocollo skincare &#8220;IN&amp;OUT&#8221;, che unisce l&#8217;efficacia topica del siero Liftactiv Collagen 16 (che corregge i 16 segni dell&#8217;et\u00e0) all&#8217;azione interna di Liftactiv Collagen Integratore Alimentare, a base di collagene estratto dalla membrana del guscio d&#8217;uovo, acido ialuronico ed elastina.<br \/>L&#8217;Or\u00e8al Paris (Piazza XXV Aprile) lancer\u00e0 l&#8217;innovazione dell&#8217;iconico siero Revitalift Filler, oggi arricchito con il PDRN, l&#8217;ingrediente protagonista dei trend attuali skincare. Il pop-up sar\u00e0 uno spazio immersivo che coniugher\u00e0 il DNA scientifico del brand con un&#8217;esperienza coinvolgente a 360 gradi.<br \/>Garnier (Piazza Castello) porter\u00e0 nel cuore della citt\u00e0 il Vitamin C Bar, un pop-up esperienziale dedicato alla gamma skincare Vitamina C, pensato per raccontare la filosofia High-Tech Nature di Garnier e il suo approccio Look Good &amp; Feel Good Beauty.<br \/>I visitatori potranno immergersi nell&#8217;universo Garnier, il pi\u00f9 grande marchio di bellezza al mondo approvato da Cruelty Free International, attraverso consulenze skincare personalizzate ed experience interattive, oltre a ricevere samples e un freschissimo sorbetto. <br \/>Color Wow (Piazza San Babila) debutter\u00e0 in anteprima mondiale con Dream Coat, la cui innovazione chiave \u00e8 una tecnologia polimerica termo-attivata che crea uno scudo idrorepellente invisibile per un effetto anticrespo, antiumidit\u00e0 e glass hair. La cultura della bellezza incontra la musica, la socialit\u00e0 e l&#8217;intrattenimento grazie alle esperienze immersive di NYX Professional Makeup e CeraVe dedicate alle nuove generazioni: NYX Professional Makeup, il brand di make-up professionale e accessibile amato dalla Gen-Z, animer\u00e0 dal 16 al 20 settembre Piazza San Babila con un esclusivo pop-up a tema American Diner, nel quale prender\u00e0 vita la nuova campagna globale If You NYX, You Know Volume 2. I visitatori potranno usufruire di servizi di make-up retouch affidati a make-up artist professionisti.<br \/>CeraVe: il 19 e 20 settembre, presso la Terrazza Martini, il brand presenter\u00e0 il Glow Club, un evento esclusivo di soft clubbing che unisce skincare, musica e condivisione.<br \/>Protagonista dell&#8217;esperienza saranno il Siero con Vitamina C e il nuovissimo Detergente illuminante inserito in un racconto dedicato alla luminosit\u00e0 e al glow up della pelle.<br \/>L&#8217;iniziativa prevede anche sessioni di skin test, prove prodotto, esperienze emozionali e momenti di ricarica interiore con spremute di arancia.<br \/>Armani Beauty (Rinascente Milano Piazza Duomo): il brand celebrer\u00e0 il lancio della nuova fragranza maschile Giorgio Armani trasformando il prestigioso department store e la piazza antistante in un palcoscenico d&#8217;eccezione con un brand takeover che coinvolger\u00e0 vetrine, facciata e ambienti interni, articolandosi in due aree principali: &#8211; Il pop-up esterno (dal 16 al 20 settembre), concepito come un set cinematografico con glam cam, offrir\u00e0 ai visitatori l&#8217;opportunit\u00e0 di diventare protagonisti di un video in stile hollywoodiano. Ospiter\u00e0 inoltre un ricco calendario di appuntamenti, tra cui la registrazione del podcast &#8220;Passa dal BSMT&#8221; di Gianluca Gazzoli (16 settembre) e sessioni aperte al pubblico di fragrance discovery (dal 17 al 20 settembre), al termine delle quali i consumatori riceveranno un omaggio e un ticket per il pop-up interno.<br \/>&#8211; Il pop-up interno (Piano -1): i consumatori potranno esplorare la nuova fragranza attraverso attivit\u00e0 interattive, servizi di personalizzazione, sessioni di make-up dedicate e momenti di scoperta sensoriale.<br \/>Il progetto di sensibilizzazione #JoinTheRefillMovement, volto a educare i consumatori verso un modello di consumo circolare, sar\u00e0 il fil rouge dell&#8217;imponente spazio firmato da Lanc\u00f2me, Mugler e YSL Beauty nel cuore di Piazza San Babila &#8211; dal 16 al 20 settembre.<br \/>L&#8217;esperienza si svilupper\u00e0 in un percorso diviso in due atti, che fonde l&#8217;estetica di una galleria d&#8217;arte con l&#8217;innovazione sostenibile: Primo atto: La Fragrance &#8211; Uno spazio ispirato al mondo dell&#8217;arte contemporanea, dove al posto dei quadri sulle pareti verranno esposte fragranze iconiche. Attraverso appositi pannelli, i visitatori saranno guidati alla scoperta del concetto di &#8220;lusso durevole&#8221;, evidenziando come la scelta della ricarica (refill) unisca il piacere di un design d&#8217;alta gamma alla responsabilit\u00e0 verso il pianeta.<br \/>Secondo atto: La Refill Room &#8211; Un&#8217;area dedicata a mostrare la semplicit\u00e0 pratica del gesto di ricarica. L&#8217;esperienza si arricchisce di una postazione ludica e interattiva ispirata alle console dei videogiochi degli anni Novanta, invitando il pubblico a esplorare la filosofia del refill in modo creativo e coinvolgente, portando con s\u00e8 un ricordo dell&#8217;evento. <br \/>In occasione della Milano Beauty Week, L&#8217;Or\u00e8al Italia rinnova il proprio impegno a favore della collettivit\u00e0 aderendo alle iniziative benefiche &#8220;Beauty Gives Back&#8221; e &#8220;Love is in the Hair&#8221;, a sostegno de La forza e il sorriso E.T.S, ente patrocinato da Cosmetica Italia &#8211; Associazione nazionale delle imprese cosmetiche.<br \/>Nelle giornate del 19 e 20 settembre, presso Palazzo Castiglioni, i visitatori potranno sostenere l&#8217;Associazione attraverso due attivit\u00e0 solidali: Beauty Gives Back &#8211; a fronte di una donazione liberale, sar\u00e0 possibile scegliere una selezione di prodotti cosmetici messi a disposizione dall&#8217;azienda e dalle altre imprese aderenti. Love is in the Hair: nelle fasce orarie gestite dall&#8217;azienda, verranno utilizzati i prodotti L&#8217;Or\u00e8al Professionnel, in collaborazione con Compagnia della Bellezza. Hairstylist professionisti offriranno servizi di hairstyling a fronte di una donazione consigliata.<br \/>Il ricavato andr\u00e0 a sostegno della mission de La forza e il sorriso E.T.S., contribuendo a diffondere in tutta Italia i laboratori di bellezza e benessere gratuiti per persone in trattamento oncologico, con l&#8217;obiettivo di aiutarle a ritrovare fiducia in s\u00e8 stesse e riscoprire la propria identit\u00e0 durante il percorso di cura.<br \/>-foto ufficio stampa L&#8217;Oreal &#8211; <br \/>(ITALPRESS).<\/div>\n<div id=\"div-gpt-ad-Messinaoggi.it-DSK-300x250-corpoart\" style=\"text-align:center;margin:0 auto;\"><\/div><\/p><div id=\"videoincontent\" style=\"clear:both\";><\/div>","protected":false},"excerpt":{"rendered":"<p>MILANO (ITALPRESS) &#8211; Milano si prepara a vivere una nuova edizione della Beauty Week all&#8217;insegna della bellezza. L&#8217;Or\u00e8al Italia porter\u00e0 in diversi angoli della citt\u00e0 un calendario di iniziative gratuite pensate per coinvolgere il pubblico, trasformando alcune delle location pi\u00f9 rappresentative del capoluogo, dal Castello Sforzesco a Corso Vittorio Emanuele, da Piazza San Babila a [&hellip;]<\/p>\n","protected":false},"author":18,"featured_media":273288,"comment_status":"closed","ping_status":"closed","sticky":false,"template":"","format":"standard","meta":{"ub_ctt_via":"","_mi_skip_tracking":false},"categories":[446],"tags":[783],"featured_image_src":"https:\/\/www.messinaoggi.it\/website\/wp-content\/uploads\/2026\/08\/20260831_2785.jpg","author_info":{"display_name":"Admin","author_link":"https:\/\/www.messinaoggi.it\/website\/author\/admin\/"},"digistream_id":0,"digistream":false,"_links":{"self":[{"href":"https:\/\/www.messinaoggi.it\/website\/wp-json\/wp\/v2\/posts\/273287"}],"collection":[{"href":"https:\/\/www.messinaoggi.it\/website\/wp-json\/wp\/v2\/posts"}],"about":[{"href":"https:\/\/www.messinaoggi.it\/website\/wp-json\/wp\/v2\/types\/post"}],"author":[{"embeddable":true,"href":"https:\/\/www.messinaoggi.it\/website\/wp-json\/wp\/v2\/users\/18"}],"replies":[{"embeddable":true,"href":"https:\/\/www.messinaoggi.it\/website\/wp-json\/wp\/v2\/comments?post=273287"}],"version-history":[{"count":0,"href":"https:\/\/www.messinaoggi.it\/website\/wp-json\/wp\/v2\/posts\/273287\/revisions"}],"wp:featuredmedia":[{"embeddable":true,"href":"https:\/\/www.messinaoggi.it\/website\/wp-json\/wp\/v2\/media\/273288"}],"wp:attachment":[{"href":"https:\/\/www.messinaoggi.it\/website\/wp-json\/wp\/v2\/media?parent=273287"}],"wp:term":[{"taxonomy":"category","embeddable":true,"href":"https:\/\/www.messinaoggi.it\/website\/wp-json\/wp\/v2\/categories?post=273287"},{"taxonomy":"post_tag","embeddable":true,"href":"https:\/\/www.messinaoggi.it\/website\/wp-json\/wp\/v2\/tags?post=273287"}],"curies":[{"name":"wp","href":"https:\/\/api.w.org\/{rel}","templated":true}]}}