{"id":273279,"date":"2026-08-31T19:09:33","date_gmt":"2026-08-31T17:09:33","guid":{"rendered":"https:\/\/www.messinaoggi.it\/website\/2026\/08\/31\/messi-dice-addio-alla-nazionale-argentina-ho-dato-tutto\/"},"modified":"2026-08-31T19:09:33","modified_gmt":"2026-08-31T17:09:33","slug":"messi-dice-addio-alla-nazionale-argentina-ho-dato-tutto","status":"publish","type":"post","link":"https:\/\/www.messinaoggi.it\/website\/2026\/08\/31\/messi-dice-addio-alla-nazionale-argentina-ho-dato-tutto\/","title":{"rendered":"Messi dice addio alla nazionale argentina \u201cHo dato tutto\u201d"},"content":{"rendered":"<div>MIAMI (STATI UNITI) (ITALPRESS) &#8211; La finale mondiale persa lo scorso 19 luglio contro la Spagna rester\u00e0 l&#8217;ultima partita con la maglia dell&#8217;Argentina di Lionel Messi. Il 39enne fuoriclasse di Rosario ha annunciato su Instagram la decisione di chiudere la sua lunga avventura con l&#8217;Albiceleste. Lo ha fatto con un post che, solo alla fine, rivela di aver scritto due giorni dopo quella partita ma &#8220;oggi, dopo quello che \u00e8 successo a mio padre, sono ancora pi\u00f9 convinto di prima&#8221;, il riferimento alla morte di pap\u00e0 Jorge. Messi, dunque, lascia la nazionale, una decisione che, confessa, &#8220;mi ha fatto e mi fa ancora male nel profondo dell&#8217;anima ma capisco che sia arrivato il momento. Vi giuro che ho sempre dato tutto, non soltanto negli ultimi anni, quelli in cui abbiamo vinto tutto, ma anche prima. Ho sempre lottato e dato tutto me stesso per questa maglia, per regalarvi gioie e farvi sentire orgogliosi di essere argentini attraverso il calcio&#8221;. A 39 anni Messi sa che ci sono tappe della sua carriera che &#8220;si stanno chiudendo, e questa \u00e8 una di quelle che mi fa pi\u00f9 male. Amo, ho amato e amer\u00f2 sempre essere in Nazionale. Ma sono ormai svuotato, non ho pi\u00f9 nulla da dare e, inoltre, alle mie spalle stanno arrivando ragazzi di grande valore che meritano di esserci&#8221;. &#8220;Grazie per tutto l&#8217;affetto che mi avete dimostrato in questi 20 anni &#8211; scrive ancora Messi, il cui debutto nella Seleccion \u00e8 arrivato nell&#8217;agosto 2005 con Pekerman ct &#8211; Mi mancher\u00e0 tantissimo sentirvi e vivere il vostro sostegno da dentro il campo. Ora sar\u00f2 uno di voi, a tifare e sostenere sempre da fuori (nei momenti belli e in quelli brutti, ancora di pi\u00f9). Grazie alla mia famiglia per esserci sempre stata, per avermi accompagnato in questo viaggio tanto meraviglioso quanto difficile. Grazie a tutti gli allenatori, ai compagni e ai dirigenti con cui ho avuto la fortuna di condividere questo percorso. Porto con me ricordi e momenti indimenticabili. Lascio con la serenit\u00e0 e l&#8217;orgoglio di avervi regalato, insieme ai miei compagni, momenti da sogno. E&#8217; stata una follia poterli vivere insieme a voi. Vi voglio bene!Grazie Dio per avermi fatto argentino&#8221;.<br \/>Messi chiude dunque la sua lunga tappa nella Seleccion dopo 207 partite e 125 gol, con sei Mondiali disputati (uno vinto nel 2022 oltre alle finali perse nel 2014 e nel 2026) e due edizioni della Coppa America conquistate.<br \/>&#8211; foto Ipa Agency &#8211;<br \/>(ITALPRESS).<\/div>\n<div id=\"div-gpt-ad-Messinaoggi.it-DSK-300x250-corpoart\" style=\"text-align:center;margin:0 auto;\"><\/div><\/p><div id=\"videoincontent\" style=\"clear:both\";><\/div>","protected":false},"excerpt":{"rendered":"<p>MIAMI (STATI UNITI) (ITALPRESS) &#8211; La finale mondiale persa lo scorso 19 luglio contro la Spagna rester\u00e0 l&#8217;ultima partita con la maglia dell&#8217;Argentina di Lionel Messi. Il 39enne fuoriclasse di Rosario ha annunciato su Instagram la decisione di chiudere la sua lunga avventura con l&#8217;Albiceleste. Lo ha fatto con un post che, solo alla fine, [&hellip;]<\/p>\n","protected":false},"author":18,"featured_media":273280,"comment_status":"closed","ping_status":"closed","sticky":false,"template":"","format":"standard","meta":{"ub_ctt_via":"","_mi_skip_tracking":false},"categories":[446],"tags":[783],"featured_image_src":"https:\/\/www.messinaoggi.it\/website\/wp-content\/uploads\/2026\/08\/20260831_2448.jpg","author_info":{"display_name":"Admin","author_link":"https:\/\/www.messinaoggi.it\/website\/author\/admin\/"},"digistream_id":0,"digistream":false,"_links":{"self":[{"href":"https:\/\/www.messinaoggi.it\/website\/wp-json\/wp\/v2\/posts\/273279"}],"collection":[{"href":"https:\/\/www.messinaoggi.it\/website\/wp-json\/wp\/v2\/posts"}],"about":[{"href":"https:\/\/www.messinaoggi.it\/website\/wp-json\/wp\/v2\/types\/post"}],"author":[{"embeddable":true,"href":"https:\/\/www.messinaoggi.it\/website\/wp-json\/wp\/v2\/users\/18"}],"replies":[{"embeddable":true,"href":"https:\/\/www.messinaoggi.it\/website\/wp-json\/wp\/v2\/comments?post=273279"}],"version-history":[{"count":0,"href":"https:\/\/www.messinaoggi.it\/website\/wp-json\/wp\/v2\/posts\/273279\/revisions"}],"wp:featuredmedia":[{"embeddable":true,"href":"https:\/\/www.messinaoggi.it\/website\/wp-json\/wp\/v2\/media\/273280"}],"wp:attachment":[{"href":"https:\/\/www.messinaoggi.it\/website\/wp-json\/wp\/v2\/media?parent=273279"}],"wp:term":[{"taxonomy":"category","embeddable":true,"href":"https:\/\/www.messinaoggi.it\/website\/wp-json\/wp\/v2\/categories?post=273279"},{"taxonomy":"post_tag","embeddable":true,"href":"https:\/\/www.messinaoggi.it\/website\/wp-json\/wp\/v2\/tags?post=273279"}],"curies":[{"name":"wp","href":"https:\/\/api.w.org\/{rel}","templated":true}]}}