{"id":273273,"date":"2026-08-31T16:34:35","date_gmt":"2026-08-31T14:34:35","guid":{"rendered":"https:\/\/www.messinaoggi.it\/website\/2026\/08\/31\/emergenza-incendi-da-venerdi-oltre-800-interventi-dei-vigili-del-fuoco-allerta-rossa-in-tutte-le-province-della-sicilia-eccetto-trapani\/"},"modified":"2026-08-31T19:03:09","modified_gmt":"2026-08-31T17:03:09","slug":"emergenza-incendi-da-venerdi-oltre-800-interventi-dei-vigili-del-fuoco-allerta-rossa-in-tutte-le-province-della-sicilia-eccetto-trapani","status":"publish","type":"post","link":"https:\/\/www.messinaoggi.it\/website\/2026\/08\/31\/emergenza-incendi-da-venerdi-oltre-800-interventi-dei-vigili-del-fuoco-allerta-rossa-in-tutte-le-province-della-sicilia-eccetto-trapani\/","title":{"rendered":"Emergenza incendi, da venerd\u00ec oltre 800 interventi dei Vigili del Fuoco. Allerta rossa in tutte le province della Sicilia eccetto Trapani"},"content":{"rendered":"<div>\n<p>PALERMO (ITALPRESS) \u2013 Quella di ieri \u00e8 stata un\u2019altra giornata drammatica sul fronte incendi: in quasi tutte le province siciliane le fiamme, alimentate dal forte vento di scirocco, hanno devastato ettari di vegetazione e messo a repentaglio l\u2019incolumit\u00e0 dei cittadini. Per la giornata di oggi <strong>la Protezione civile regionale ha diramato il livello massimo di allerta (rossa) in otto province siciliane<\/strong>, con l\u2019unica eccezione di Trapani dove si attesta sul medio (arancione).<div id=\"div-gpt-ad-Messinaoggi.it-DSK-300x250-corpoart\" style=\"text-align:center;margin:0 auto;\"><\/div><\/p>\n<p>Nelle ultime 24 ore la situazione \u00e8 apparsa particolarmente delicata nel palermitano, soprattutto in due Comuni. A Ciminna un giovane \u00e8 rimasto gravemente ferito dopo essere stato raggiunto dal fuoco nella campagna in cui abitava: \u00e8 stato trasportato in elisoccorso a Palermo, all\u2019ospedale Civico, ed \u00e8 in gravi condizioni con ustioni su tutto il corpo; il Comune si prepara a chiedere lo stato di emergenza. A Polizzi Generosa il sindaco Gandolfo Librizzi ha subito un infortunio mentre provava ad aiutare i suoi concittadini mentre il territorio veniva colpito dalle fiamme. Incendi anche a Piano Stoppa, Ventimiglia di Sicilia, Baucina, Castellana, Caccamo e Termini Imerese.<div id=\"videoincontent\" style=\"clear:both\";><\/div><\/p>\n<h3><strong>DA VENERD\u00cc PI\u00d9 DI 800 INTERVENTI DEI VIGILI DEL FUOCO<\/strong><\/h3>\n<p>Dal pomeriggio di venerd\u00ec fino ad oggi sono poco pi\u00f9 di 800 gli interventi del personale VF per l\u2019estinzione di incendi di vegetazione; per far fronte a tale situazione \u00e8 stato immediatamente potenziata la presenza di unit\u00e0 VF sul territorio. Oggi sono in servizio circa 750 unit\u00e0 VF alle quali si aggiungo circa 120 unit\u00e0 operative che operano sul territorio nell\u2019ambito della campagna AIB 2026. Tutte le province sono state interessate da incendi di vegetazione, tra gli eventi di maggiore rilievo si evidenziano le localit\u00e0 di Porto Palo, Casteltermini, Sciacca e Santa Margherita Belice (AG); Polizzi Generosa, Ciminna, Caccamo, Borgetto e Belmonte Mezzagno (PA); Torre Makauda, Partanna e Poggioreale (TP) Mazzarino (CL); Valguarnera Caropepe (EN); Roccela Valdemone, Melia, Itala, Scaletta Zanclea, Letojanni e Castelmola (ME); Chiaramonte Glufi (RG); Augusta (SR); Zafferana Etnea, Milo, Mascali, Santa Venera e linguaglossa (CT).<\/p>\n<p>Sempre nel Catanese diverse squadre provenienti anche dai Comandi limitrofi sono state impegnati in due distinti incendi che hanno coinvolto rispettivamente una attivit\u00e0 che si occupa dello stoccaggio e smaltimento della plastica ed un deposito di oli esausti. Le attivit\u00e0 sono state gestite sia da personale \u201ca terra\u201d con l\u2019ausilio del personale del Corpo Forestale della regione Siciliana e delle squadre di volontari della protezione civile nonch\u00e9 con l\u2019ausilio dei mezzi aerei; \u00e8 stata infatti impegata l\u2019intera flotta di elicotteri del Corpo Forestale, i Canadair e gli elicotteri della Flotta nazionale del Corpo Nazionale dei Vigili del Fuoco.<\/p>\n<p>\u2013 Foto ufficio stampa Vigili del Fuoco \u2013<\/p>\n<p>(ITALPRESS).<\/p>\n<\/div>\n","protected":false},"excerpt":{"rendered":"<p>PALERMO (ITALPRESS) \u2013 Quella di ieri \u00e8 stata un\u2019altra giornata drammatica sul fronte incendi: in quasi tutte le province siciliane le fiamme, alimentate dal forte vento di scirocco, hanno devastato ettari di vegetazione e messo a repentaglio l\u2019incolumit\u00e0 dei cittadini. Per la giornata di oggi la Protezione civile regionale ha diramato il livello massimo di [&hellip;]<\/p>\n","protected":false},"author":18,"featured_media":273274,"comment_status":"closed","ping_status":"closed","sticky":false,"template":"","format":"standard","meta":{"ub_ctt_via":"","_mi_skip_tracking":false},"categories":[11,2449],"tags":[783],"featured_image_src":"https:\/\/www.messinaoggi.it\/website\/wp-content\/uploads\/2026\/08\/VVf-4-e1788184821390.jpeg","author_info":{"display_name":"Admin","author_link":"https:\/\/www.messinaoggi.it\/website\/author\/admin\/"},"digistream_id":0,"digistream":false,"_links":{"self":[{"href":"https:\/\/www.messinaoggi.it\/website\/wp-json\/wp\/v2\/posts\/273273"}],"collection":[{"href":"https:\/\/www.messinaoggi.it\/website\/wp-json\/wp\/v2\/posts"}],"about":[{"href":"https:\/\/www.messinaoggi.it\/website\/wp-json\/wp\/v2\/types\/post"}],"author":[{"embeddable":true,"href":"https:\/\/www.messinaoggi.it\/website\/wp-json\/wp\/v2\/users\/18"}],"replies":[{"embeddable":true,"href":"https:\/\/www.messinaoggi.it\/website\/wp-json\/wp\/v2\/comments?post=273273"}],"version-history":[{"count":1,"href":"https:\/\/www.messinaoggi.it\/website\/wp-json\/wp\/v2\/posts\/273273\/revisions"}],"predecessor-version":[{"id":273278,"href":"https:\/\/www.messinaoggi.it\/website\/wp-json\/wp\/v2\/posts\/273273\/revisions\/273278"}],"wp:featuredmedia":[{"embeddable":true,"href":"https:\/\/www.messinaoggi.it\/website\/wp-json\/wp\/v2\/media\/273274"}],"wp:attachment":[{"href":"https:\/\/www.messinaoggi.it\/website\/wp-json\/wp\/v2\/media?parent=273273"}],"wp:term":[{"taxonomy":"category","embeddable":true,"href":"https:\/\/www.messinaoggi.it\/website\/wp-json\/wp\/v2\/categories?post=273273"},{"taxonomy":"post_tag","embeddable":true,"href":"https:\/\/www.messinaoggi.it\/website\/wp-json\/wp\/v2\/tags?post=273273"}],"curies":[{"name":"wp","href":"https:\/\/api.w.org\/{rel}","templated":true}]}}