{"id":273269,"date":"2026-08-31T15:09:37","date_gmt":"2026-08-31T13:09:37","guid":{"rendered":"https:\/\/www.messinaoggi.it\/website\/2026\/08\/31\/tivusat-a-settembre-i-grandi-nomi-della-musica-classica-opera-e-danza\/"},"modified":"2026-08-31T15:09:37","modified_gmt":"2026-08-31T13:09:37","slug":"tivusat-a-settembre-i-grandi-nomi-della-musica-classica-opera-e-danza","status":"publish","type":"post","link":"https:\/\/www.messinaoggi.it\/website\/2026\/08\/31\/tivusat-a-settembre-i-grandi-nomi-della-musica-classica-opera-e-danza\/","title":{"rendered":"Tivusat, a settembre i grandi nomi della musica classica, opera e danza"},"content":{"rendered":"<div>ROMA (ITALPRESS) &#8211; A settembre la programmazione di Mezzo (al numero 49 della piattaforma satellitare gratuita tivusat) presenta numerosi appuntamenti dedicati a diversi generi, dalla musica classica al jazz, dall&#8217;opera alla danza. Tra i protagonisti i direttori d&#8217;orchestra Claudio Abbado, Riccardo Muti e Dalia Stasevska, il violinista Maxim Vengerov e Renaud Capu\u00e7on, in veste di violinista e direttore dell&#8217;Orchestre de Chambre de Lausanne. Ampio spazio all&#8217;opera con due compositori tra i pi\u00f9 amati, Giuseppe Verdi, con gli allestimenti di Falstaff, La Traviata, Otello, Ernani, Il Trovatore e I Lombardi alla prima crociata e Claudio Monteverdi, con L&#8217;incoronazione di Poppea, il Vespro della Beata Vergine e un documentario dedicato al percorso artistico del compositore cremonese raccontato dal direttore d&#8217;orchestra John Eliot Gardiner. Completa il programma del mese una sezione dedicata alla danza contemporanea con le coreografie di Thierry Malandain, ispirate ai balletti di Stravinskij e Ravel, oltre ai consueti appuntamenti New Frontiers, rivoltialle nuove forme della musica classica contemporanea e New Talents, riservati ai giovani vincitori del Concorso Internazionale George Enescu. Mezzo \u00e8 un&#8217;esclusiva al canale 49 di tivusat, che  oggi dispone di un&#8217;offerta gratuita di 130 canali televisivi, di cui oltre 70 in Hd e sette in 4K.<br \/>Questa la programmazione: Conductors of the month &#8211; Claudio Abbado: Gil Shaham, Berliner Philharmoniker, Beethoven, Brahms, Dvor\u00e0k, Domenica 20, ore 20:30; Claudio Abbado, 10 years after, Luned\u00ec 21, ore 20:30 (Documentary). Riccardo Muti: Wiener Philharmoniker, Riccardo Muti, Beethoven: Symphony No. 9, Domenica 13, ore 20:30. Dalia Stasevska: Bruce Liu, Orchestre Symphonique de Montr\u00e8al, Gouba\u00ecdoulina, Sibelius, Domenica 27, ore 20:30. Violinist of the month &#8211; Maxim Vengerov: Tokyo Philharmonic, Myung-Whun Chung, Tchaikovsky, Stravinsky, Domenica 6, ore 20:30. Artist and conductor of the month &#8211; Renaud Capu\u00e7on: Stefan Dohr, Orchestre de Chambre de Lausanne, Mozart, Strauss, Luned\u00ec 7, ore 21:30. Composers of the month &#8211; Giuseppe Verdi: Falstaff, Sabato 5, ore 20:30; I Lombardi alla prima crociata, Marted\u00ec 8, ore 23:00; La Traviata, Sabato 12, ore 20:30; Otello, Sabato 19, ore 20:30; Requiem, Domenica 20, ore 22:20; Ernani, Gioved\u00ec 24, ore 20:30; Il Trovatore, Sabato 26, ore 20:30. Claudio Monteverdi: L&#8217;incoronazione di Poppea, Mercoled\u00ec 16, ore 20:30; Vespro della Beata Vergine, Venerd\u00ec 25, ore 21:30; Monteverdi, from Mantua to Venice, John Eliot Gardiner, Luned\u00ec 28, ore 20:30 (Documentary). Choreographer of the month &#8211; Thierry Malandain: Stravinsky, The Firebird, The Rite of Spring, Marted\u00ec 15, ore 20:30; Ravel, Daphnis and Chlo\u00e8, Marted\u00ec 22, ore 20:30. New Frontiers in Prime time: Georgijs Osokins, Arvo Part 90th Anniversary concert, Venerd\u00ec 11, ore 20:30; Francesco Tristano, Frescobaldi, Berio, Franceschini, Bach, Venerd\u00ec 18, ore 20:30; Luzerner Sinfonieorchester, Michael Sanderling, Shostakovich, Venerd\u00ec 25, ore 20:30. New Talents: Concert d&#8217;ouverture, Concours international George Enescu 2026, Luned\u00ec 7, ore 18:30.<br \/>-news in collaborazione con tivusat- <br \/>-foto Ipa Agency- <br \/>(ITALPRESS).<\/div>\n<div id=\"div-gpt-ad-Messinaoggi.it-DSK-300x250-corpoart\" style=\"text-align:center;margin:0 auto;\"><\/div><\/p><div id=\"videoincontent\" style=\"clear:both\";><\/div>","protected":false},"excerpt":{"rendered":"<p>ROMA (ITALPRESS) &#8211; A settembre la programmazione di Mezzo (al numero 49 della piattaforma satellitare gratuita tivusat) presenta numerosi appuntamenti dedicati a diversi generi, dalla musica classica al jazz, dall&#8217;opera alla danza. Tra i protagonisti i direttori d&#8217;orchestra Claudio Abbado, Riccardo Muti e Dalia Stasevska, il violinista Maxim Vengerov e Renaud Capu\u00e7on, in veste di [&hellip;]<\/p>\n","protected":false},"author":18,"featured_media":273270,"comment_status":"closed","ping_status":"closed","sticky":false,"template":"","format":"standard","meta":{"ub_ctt_via":"","_mi_skip_tracking":false},"categories":[446],"tags":[783],"featured_image_src":"https:\/\/www.messinaoggi.it\/website\/wp-content\/uploads\/2026\/08\/20260831_1748.jpg","author_info":{"display_name":"Admin","author_link":"https:\/\/www.messinaoggi.it\/website\/author\/admin\/"},"digistream_id":0,"digistream":false,"_links":{"self":[{"href":"https:\/\/www.messinaoggi.it\/website\/wp-json\/wp\/v2\/posts\/273269"}],"collection":[{"href":"https:\/\/www.messinaoggi.it\/website\/wp-json\/wp\/v2\/posts"}],"about":[{"href":"https:\/\/www.messinaoggi.it\/website\/wp-json\/wp\/v2\/types\/post"}],"author":[{"embeddable":true,"href":"https:\/\/www.messinaoggi.it\/website\/wp-json\/wp\/v2\/users\/18"}],"replies":[{"embeddable":true,"href":"https:\/\/www.messinaoggi.it\/website\/wp-json\/wp\/v2\/comments?post=273269"}],"version-history":[{"count":0,"href":"https:\/\/www.messinaoggi.it\/website\/wp-json\/wp\/v2\/posts\/273269\/revisions"}],"wp:featuredmedia":[{"embeddable":true,"href":"https:\/\/www.messinaoggi.it\/website\/wp-json\/wp\/v2\/media\/273270"}],"wp:attachment":[{"href":"https:\/\/www.messinaoggi.it\/website\/wp-json\/wp\/v2\/media?parent=273269"}],"wp:term":[{"taxonomy":"category","embeddable":true,"href":"https:\/\/www.messinaoggi.it\/website\/wp-json\/wp\/v2\/categories?post=273269"},{"taxonomy":"post_tag","embeddable":true,"href":"https:\/\/www.messinaoggi.it\/website\/wp-json\/wp\/v2\/tags?post=273269"}],"curies":[{"name":"wp","href":"https:\/\/api.w.org\/{rel}","templated":true}]}}