{"id":273267,"date":"2026-08-31T15:09:33","date_gmt":"2026-08-31T13:09:33","guid":{"rendered":"https:\/\/www.messinaoggi.it\/website\/2026\/08\/31\/tutto-pronto-per-la-viterbo-half-marathon-morico-si-parte-dallinclusione\/"},"modified":"2026-08-31T15:09:33","modified_gmt":"2026-08-31T13:09:33","slug":"tutto-pronto-per-la-viterbo-half-marathon-morico-si-parte-dallinclusione","status":"publish","type":"post","link":"https:\/\/www.messinaoggi.it\/website\/2026\/08\/31\/tutto-pronto-per-la-viterbo-half-marathon-morico-si-parte-dallinclusione\/","title":{"rendered":"Tutto pronto per la Viterbo Half Marathon, Morico \u201cSi parte dall\u2019inclusione\u201d"},"content":{"rendered":"<div>ROMA (ITALPRESS) &#8211; Sport, inclusione e cittadinanza europea correranno insieme lungo le strade della &#8220;Citt\u00e0 dei Papi&#8221;. E&#8217; stata presentata a Roma, nello spazio interattivo &#8220;Esperienza Europa-David Sassoli&#8221;, la seconda edizione della Viterbo Half Marathon, in programma domenica 27 settembre nel capoluogo della Tuscia. La manifestazione, inserita nella Settimana Europea dello Sport, \u00e8 promossa dalla vice-presidente del Parlamento europeo Antonella Sberna e organizzata dall&#8217;Ufficio del Parlamento Europeo in Italia e dalla Rappresentanza della Commissione Europea in Italia, con il supporto di Opes Aps, Asd Viterbo Runners e una vasta rete di istituzioni, enti locali e federazioni sportive. &#8220;L&#8217;inclusione \u00e8 un punto di partenza, con lo sport che deve essere strumento di prevenzione sociale e sanitaria e di fruizione del benessere. La gara agonistica sar\u00e0 di tutto rispetto e credo che tutto questo concorra all&#8217;obiettivo di dare l&#8217;opportunit\u00e0 al comune di Viterbo di crescere&#8221;, le parole di Juri Morico, presidente Nazionale di Opes. La mezza maratona, inserita nel calendario nazionale Fidal, si disputer\u00e0 su un percorso omologato di 21,097 chilometri, con partenza alle 9 da Piazza dei Caduti. Il numero massimo \u00e8 fissato in 2.000 partecipanti. La gara \u00e8 riservata agli atleti maggiorenni in possesso di tesseramento Fidal, Runcard o EPS e di certificato medico agonistico per l&#8217;atletica leggera. &#8220;Quello che stiamo cercando di seminare inizia a piano piano a raccogliere i suoi frutti. Lo sport deve essere un momento centrale delle politiche pubbliche e sar\u00e0 ancora pi\u00f9 importante quando riusciremo a misurare con continuit\u00e0 l&#8217;effetto della pratica sportiva sul sistema sanitario. La salute, l&#8217;educazione, l&#8217;alimentazione e la cultura sono tutti elementi che favoriscono a una migliore cultura sportiva&#8221;, aggiunge Andrea Abodi, ministro per lo sport e i giovani. Per gli iscritti sono previsti maglia tecnica, cronometraggio con chip, ristori ogni cinque chilometri e medaglia per tutti coloro che taglieranno il traguardo. Alle 9.05 scatter\u00e0 invece la staffetta non competitiva 4\u00d75 chilometri, pensata per favorire la partecipazione, l&#8217;inclusione e il gioco di squadra. Saranno ammesse 200 formazioni, anche miste, per un massimo di 800 atleti. Potranno partecipare ragazzi e adulti dai 16 anni, senza obbligo di tesseramento Fidal ma con certificato medico non agonistico. &#8220;Crediamo nel valore della promozione delle attivit\u00e0 dell&#8217;Unione Europea sui territori. Abbiamo coinvolto tantissime associazioni sportive e abbiamo investito tanto dal punto di vista turistico, crediamo di poter produrre un qualcosa di importante&#8221;, sostiene Antonella Sberna, vice-presidente del Parlamento Europeo. La Half Marathon sar\u00e0 accompagnata, dal 25 al 27 settembre, da tre giornate di iniziative dedicate all&#8217;attivit\u00e0 fisica, all&#8217;inclusione e ai valori della cittadinanza europea. Alla presentazione sono intervenuti anche la sindaca di Viterbo Chiara Frontini e il direttore dell&#8217;Ufficio del Parlamento Europeo in Italia Carlo Corazza.<br \/>\n&#8211; Foto Ufficio Stampa Opes &#8211;<br \/>\n(ITALPRESS).<\/div>\n<div id=\"div-gpt-ad-Messinaoggi.it-DSK-300x250-corpoart\" style=\"text-align:center;margin:0 auto;\"><\/div><\/p><div id=\"videoincontent\" style=\"clear:both\";><\/div>","protected":false},"excerpt":{"rendered":"<p>ROMA (ITALPRESS) &#8211; Sport, inclusione e cittadinanza europea correranno insieme lungo le strade della &#8220;Citt\u00e0 dei Papi&#8221;. E&#8217; stata presentata a Roma, nello spazio interattivo &#8220;Esperienza Europa-David Sassoli&#8221;, la seconda edizione della Viterbo Half Marathon, in programma domenica 27 settembre nel capoluogo della Tuscia. La manifestazione, inserita nella Settimana Europea dello Sport, \u00e8 promossa dalla [&hellip;]<\/p>\n","protected":false},"author":18,"featured_media":273268,"comment_status":"closed","ping_status":"closed","sticky":false,"template":"","format":"standard","meta":{"ub_ctt_via":"","_mi_skip_tracking":false},"categories":[446],"tags":[783],"featured_image_src":"https:\/\/www.messinaoggi.it\/website\/wp-content\/uploads\/2026\/08\/20260831_1642.jpg","author_info":{"display_name":"Admin","author_link":"https:\/\/www.messinaoggi.it\/website\/author\/admin\/"},"digistream_id":0,"digistream":false,"_links":{"self":[{"href":"https:\/\/www.messinaoggi.it\/website\/wp-json\/wp\/v2\/posts\/273267"}],"collection":[{"href":"https:\/\/www.messinaoggi.it\/website\/wp-json\/wp\/v2\/posts"}],"about":[{"href":"https:\/\/www.messinaoggi.it\/website\/wp-json\/wp\/v2\/types\/post"}],"author":[{"embeddable":true,"href":"https:\/\/www.messinaoggi.it\/website\/wp-json\/wp\/v2\/users\/18"}],"replies":[{"embeddable":true,"href":"https:\/\/www.messinaoggi.it\/website\/wp-json\/wp\/v2\/comments?post=273267"}],"version-history":[{"count":0,"href":"https:\/\/www.messinaoggi.it\/website\/wp-json\/wp\/v2\/posts\/273267\/revisions"}],"wp:featuredmedia":[{"embeddable":true,"href":"https:\/\/www.messinaoggi.it\/website\/wp-json\/wp\/v2\/media\/273268"}],"wp:attachment":[{"href":"https:\/\/www.messinaoggi.it\/website\/wp-json\/wp\/v2\/media?parent=273267"}],"wp:term":[{"taxonomy":"category","embeddable":true,"href":"https:\/\/www.messinaoggi.it\/website\/wp-json\/wp\/v2\/categories?post=273267"},{"taxonomy":"post_tag","embeddable":true,"href":"https:\/\/www.messinaoggi.it\/website\/wp-json\/wp\/v2\/tags?post=273267"}],"curies":[{"name":"wp","href":"https:\/\/api.w.org\/{rel}","templated":true}]}}