{"id":273259,"date":"2026-08-31T12:34:36","date_gmt":"2026-08-31T10:34:36","guid":{"rendered":"https:\/\/www.messinaoggi.it\/website\/2026\/08\/31\/emergenza-incendi-allerta-rossa-in-tutte-le-province-della-sicilia-eccetto-trapani\/"},"modified":"2026-08-31T12:34:36","modified_gmt":"2026-08-31T10:34:36","slug":"emergenza-incendi-allerta-rossa-in-tutte-le-province-della-sicilia-eccetto-trapani","status":"publish","type":"post","link":"https:\/\/www.messinaoggi.it\/website\/2026\/08\/31\/emergenza-incendi-allerta-rossa-in-tutte-le-province-della-sicilia-eccetto-trapani\/","title":{"rendered":"Emergenza incendi, allerta rossa in tutte le province della Sicilia eccetto Trapani"},"content":{"rendered":"<div>\n<p>PALERMO (ITALPRESS) \u2013 Quella di ieri \u00e8 stata un\u2019altra giornata drammatica sul fronte incendi: in quasi tutte le province siciliane le fiamme, alimentate dal forte vento di scirocco, hanno devastato ettari di vegetazione e messo a repentaglio l\u2019incolumit\u00e0 dei cittadini. Per la giornata di oggi <strong>la Protezione civile regionale ha diramato il livello massimo di allerta (rossa) in otto province siciliane<\/strong>, con l\u2019unica eccezione di Trapani dove si attesta sul medio (arancione).<div id=\"div-gpt-ad-Messinaoggi.it-DSK-300x250-corpoart\" style=\"text-align:center;margin:0 auto;\"><\/div><\/p>\n<p>Nelle ultime 24 ore la situazione \u00e8 apparsa particolarmente delicata nel palermitano, soprattutto in due Comuni. A Ciminna un giovane \u00e8 rimasto gravemente ferito dopo essere stato raggiunto dal fuoco nella campagna in cui abitava: \u00e8 stato trasportato in elisoccorso a Palermo, all\u2019ospedale Civico, ed \u00e8 in gravi condizioni con ustioni su tutto il corpo; il Comune si prepara a chiedere lo stato di emergenza. A Polizzi Generosa il sindaco Gandolfo Librizzi ha subito un infortunio mentre provava ad aiutare i suoi concittadini mentre il territorio veniva colpito dalle fiamme. Incendi anche a Piano Stoppa, Ventimiglia di Sicilia, Baucina, Castellana, Caccamo e Termini Imerese.<div id=\"videoincontent\" style=\"clear:both\";><\/div><\/p>\n<p>\u2013 Foto di repertorio Ipa Agency \u2013<\/p>\n<p>(ITALPRESS).<\/p>\n<\/div>\n","protected":false},"excerpt":{"rendered":"<p>PALERMO (ITALPRESS) \u2013 Quella di ieri \u00e8 stata un\u2019altra giornata drammatica sul fronte incendi: in quasi tutte le province siciliane le fiamme, alimentate dal forte vento di scirocco, hanno devastato ettari di vegetazione e messo a repentaglio l\u2019incolumit\u00e0 dei cittadini. Per la giornata di oggi la Protezione civile regionale ha diramato il livello massimo di [&hellip;]<\/p>\n","protected":false},"author":18,"featured_media":273260,"comment_status":"closed","ping_status":"closed","sticky":false,"template":"","format":"standard","meta":{"ub_ctt_via":"","_mi_skip_tracking":false},"categories":[2449],"tags":[783],"featured_image_src":"https:\/\/www.messinaoggi.it\/website\/wp-content\/uploads\/2026\/08\/Incendio-Trapanese-IPA.jpg","author_info":{"display_name":"Admin","author_link":"https:\/\/www.messinaoggi.it\/website\/author\/admin\/"},"digistream_id":0,"digistream":false,"_links":{"self":[{"href":"https:\/\/www.messinaoggi.it\/website\/wp-json\/wp\/v2\/posts\/273259"}],"collection":[{"href":"https:\/\/www.messinaoggi.it\/website\/wp-json\/wp\/v2\/posts"}],"about":[{"href":"https:\/\/www.messinaoggi.it\/website\/wp-json\/wp\/v2\/types\/post"}],"author":[{"embeddable":true,"href":"https:\/\/www.messinaoggi.it\/website\/wp-json\/wp\/v2\/users\/18"}],"replies":[{"embeddable":true,"href":"https:\/\/www.messinaoggi.it\/website\/wp-json\/wp\/v2\/comments?post=273259"}],"version-history":[{"count":0,"href":"https:\/\/www.messinaoggi.it\/website\/wp-json\/wp\/v2\/posts\/273259\/revisions"}],"wp:featuredmedia":[{"embeddable":true,"href":"https:\/\/www.messinaoggi.it\/website\/wp-json\/wp\/v2\/media\/273260"}],"wp:attachment":[{"href":"https:\/\/www.messinaoggi.it\/website\/wp-json\/wp\/v2\/media?parent=273259"}],"wp:term":[{"taxonomy":"category","embeddable":true,"href":"https:\/\/www.messinaoggi.it\/website\/wp-json\/wp\/v2\/categories?post=273259"},{"taxonomy":"post_tag","embeddable":true,"href":"https:\/\/www.messinaoggi.it\/website\/wp-json\/wp\/v2\/tags?post=273259"}],"curies":[{"name":"wp","href":"https:\/\/api.w.org\/{rel}","templated":true}]}}