{"id":273255,"date":"2026-08-31T11:09:38","date_gmt":"2026-08-31T09:09:38","guid":{"rendered":"https:\/\/www.messinaoggi.it\/website\/2026\/08\/31\/marchetti-rotto-legame-di-fiducia-con-infantino-fifa-da-riformare\/"},"modified":"2026-08-31T11:09:38","modified_gmt":"2026-08-31T09:09:38","slug":"marchetti-rotto-legame-di-fiducia-con-infantino-fifa-da-riformare","status":"publish","type":"post","link":"https:\/\/www.messinaoggi.it\/website\/2026\/08\/31\/marchetti-rotto-legame-di-fiducia-con-infantino-fifa-da-riformare\/","title":{"rendered":"Marchetti \u201cRotto legame di fiducia con Infantino, Fifa da riformare\u201d"},"content":{"rendered":"<div>ROMA (ITALPRESS) &#8211; &#8220;Le coppe europee sono difficili per tutti. Sono eccitanti, attraenti, ci sono delle sfide di grande valore. Per l&#8217;Italia vedere iniziare la Champions League con Real Madrid-Inter e Napoli-Arsenal alla prima giornata non pu\u00f2 che accendere la fantasia di tutti i tifosi. Queste sono le partite che contano. Per Inter e la Roma sar\u00e0 un&#8217;emozione veramente forte ritrovare subito Mourinho dall&#8217;altra parte&#8221;. Cos\u00ec Giorgio Marchetti, vice-segretario generale della Uefa, ospite di &#8216;Radio Anch&#8217;io Sport&#8217; su Rai Radio 1, sui sorteggi Champions di gioved\u00ec scorso. &#8220;Se la Uefa sta preparando una denuncia penale in Svizzera contro Infantino? Tutto ci\u00f2 che stiamo facendo \u00e8 stato detto &#8211; spiega Marchetti in merito allo scontro Fifa-Uefa &#8211; Non posso esprimermi sulla parte legale, c&#8217;\u00e8 qualcuno che sta lavorando e vedremo. Questa vicenda del Fifa Forward Enterprise, ovvero il tentativo di vendita di una parte dei diritti della Coppa del Mondo a degli investitori privati e il modo in cui il progetto \u00e8 stato portato avanti, ha aperto una ferita difficilmente sanabile per il calcio&#8221;. L&#8217;Uefa si oppone alla rielezione di Infantino alla guida del calcio mondiale, ma al momento non sembrano esserci candidati validi per poter competere alla presidenza della Fifa: &#8220;Non \u00e8 questo il momento parlare di candidati &#8211; spiega il vice-segretario generale della Uefa &#8211; Quel progetto malato, sbagliato, ha dimostrato delle vulnerabilit\u00e0 importanti nel sistema di governance della Fifa, in questo momento sotto la lente d&#8217;ingrandimento. La Uefa ha espresso  chiaramente l&#8217;opinione che ci deve essere una riforma profonda della governance e che questo episodio ha rotto i legami di fiducia con l&#8217;attuale presidente della Fifa&#8221;. In merito alla maxi-sosta per le Nazionali, Marchetti ricorda che &#8220;\u00e8 stato uno degli elementi discussi qualche anno fa, quando si tratt\u00f2 di fare il calendario fino al 2030. Il calendario internazionale appartiene alla Fifa, ma tutti gli stakeholder, le confederazioni, le leghe e i club sono stati coinvolti. Per questa scelta della finestra lunga \u00e8 stato deciso di provare ad accorpare due finestre per vedere di ottimizzare la situazione dei club e dei giocatori e limitare il numero di viaggi internazionali. Questo dovr\u00e0 passare lo scrutinio della prova pratica, vediamo come e se funzioner\u00e0 bene o se ci sar\u00e0 da rivedere qualcosa&#8221;. Euro 2032 si avvicina e l&#8217;Italia sembra essere in ritardo sul versante stadi: &#8220;Vedremo, noi sappiamo che stanno lavorando. A ottobre dovranno essere sottoposti i documenti. In questo momento l&#8217;Italia ha un grave ritardo d&#8217;impiantistica. Ci  auguriamo che la documentazione sar\u00e0 sufficiente a dissipare dubbi sui cinque stadi che l&#8217;Italia dovr\u00e0 proporre per ospitare Euro 2032. Lo vedremo, \u00e8 chiaro che noi abbiamo bisogno di stadi esistenti e che rispettino tutte le condizioni. E se non sono esistenti &#8211; conclude Marchetti &#8211; che abbiano fatto tutto il percorso di approvazioni, progettistica e budget&#8221;.<br \/>&#8211; Foto Ipa Agency &#8211;<br \/>(ITALPRESS).<\/div>\n<div id=\"div-gpt-ad-Messinaoggi.it-DSK-300x250-corpoart\" style=\"text-align:center;margin:0 auto;\"><\/div><\/p><div id=\"videoincontent\" style=\"clear:both\";><\/div>","protected":false},"excerpt":{"rendered":"<p>ROMA (ITALPRESS) &#8211; &#8220;Le coppe europee sono difficili per tutti. Sono eccitanti, attraenti, ci sono delle sfide di grande valore. Per l&#8217;Italia vedere iniziare la Champions League con Real Madrid-Inter e Napoli-Arsenal alla prima giornata non pu\u00f2 che accendere la fantasia di tutti i tifosi. Queste sono le partite che contano. Per Inter e la [&hellip;]<\/p>\n","protected":false},"author":18,"featured_media":273256,"comment_status":"closed","ping_status":"closed","sticky":false,"template":"","format":"standard","meta":{"ub_ctt_via":"","_mi_skip_tracking":false},"categories":[446],"tags":[783],"featured_image_src":"https:\/\/www.messinaoggi.it\/website\/wp-content\/uploads\/2026\/08\/20260831_0234.jpg","author_info":{"display_name":"Admin","author_link":"https:\/\/www.messinaoggi.it\/website\/author\/admin\/"},"digistream_id":0,"digistream":false,"_links":{"self":[{"href":"https:\/\/www.messinaoggi.it\/website\/wp-json\/wp\/v2\/posts\/273255"}],"collection":[{"href":"https:\/\/www.messinaoggi.it\/website\/wp-json\/wp\/v2\/posts"}],"about":[{"href":"https:\/\/www.messinaoggi.it\/website\/wp-json\/wp\/v2\/types\/post"}],"author":[{"embeddable":true,"href":"https:\/\/www.messinaoggi.it\/website\/wp-json\/wp\/v2\/users\/18"}],"replies":[{"embeddable":true,"href":"https:\/\/www.messinaoggi.it\/website\/wp-json\/wp\/v2\/comments?post=273255"}],"version-history":[{"count":0,"href":"https:\/\/www.messinaoggi.it\/website\/wp-json\/wp\/v2\/posts\/273255\/revisions"}],"wp:featuredmedia":[{"embeddable":true,"href":"https:\/\/www.messinaoggi.it\/website\/wp-json\/wp\/v2\/media\/273256"}],"wp:attachment":[{"href":"https:\/\/www.messinaoggi.it\/website\/wp-json\/wp\/v2\/media?parent=273255"}],"wp:term":[{"taxonomy":"category","embeddable":true,"href":"https:\/\/www.messinaoggi.it\/website\/wp-json\/wp\/v2\/categories?post=273255"},{"taxonomy":"post_tag","embeddable":true,"href":"https:\/\/www.messinaoggi.it\/website\/wp-json\/wp\/v2\/tags?post=273255"}],"curies":[{"name":"wp","href":"https:\/\/api.w.org\/{rel}","templated":true}]}}