{"id":27325,"date":"2018-12-01T11:05:00","date_gmt":"2018-12-01T10:05:00","guid":{"rendered":"http:\/\/www.messinaoggi.it\/website\/?p=27325"},"modified":"2018-12-01T11:05:00","modified_gmt":"2018-12-01T10:05:00","slug":"isola-pedonale-gioveni-proposta-approvata-attendiamo-ora-i-provvedimenti-di-competenza","status":"publish","type":"post","link":"https:\/\/www.messinaoggi.it\/website\/2018\/12\/01\/isola-pedonale-gioveni-proposta-approvata-attendiamo-ora-i-provvedimenti-di-competenza\/","title":{"rendered":"Isola pedonale, Gioveni: &quot;Proposta approvata. Attendiamo ora i provvedimenti di competenza&quot;"},"content":{"rendered":"<p>\u201c<span style=\"font-family: Arial, sans-serif\"><i>Mi preme evidenziare che mercoled\u00ec pomeriggio ho discusso ed esitato nel corso della seduta straordinaria la proposta di pedonalizzazione di via Dei Mille e il lato monte di viale San Martino, nonch\u00e9 di aver immediatamente provveduto (come dimostra la lettera allegata) ad inoltrare gli atti a tutti i soggetti preposti per i consequenziali provvedimenti di competenza<\/i>\u201d. A renderlo noto \u00e8 l&#8217;esponente dem in consiglio comunale e presidente della relativa commissione viabilit\u00e0 Libero Gioveni, rispondendo cos\u00ec alle polemiche sorte nei giorni scorsi sui possibili ritardi nell&#8217;istituzione dell&#8217;isola pedonale natalizia prima del 8 dicembre.<\/span><br \/>\n<a href=\"http:\/\/www.messinaoggi.it\/website\/wp-content\/uploads\/2018\/12\/lettera-su-pedonalizzazione-via-dei-mille-e-viale-san-martino.jpg\"><img loading=\"lazy\" class=\"alignnone size-full wp-image-27326\" src=\"http:\/\/www.messinaoggi.it\/website\/wp-content\/uploads\/2018\/12\/lettera-su-pedonalizzazione-via-dei-mille-e-viale-san-martino.jpg\" alt=\"\" width=\"898\" height=\"1433\" \/><\/a><br \/>\n\u201c<span style=\"font-family: Arial, sans-serif\"><i>A tal riguardo, preciso altres\u00ec che, nonostante alcuni consiglieri alla fine della seduta avessero manifestato la volont\u00e0 di non far mettere in votazione nessuna delle due proposte giunte al tavolo della presidenza alla luce delle accese divergenze di pensiero sorte nel merito durante il dibattito, <\/i><i>ho d&#8217;imperio posto in votazione comunque le due proposte<\/i><i>, proprio a dimostrazione della ferma volont\u00e0 sia di prendere una decisione finale dando un preciso indirizzo all&#8217;Amministrazione, sia di dare una forte accelerata a tutto l&#8217;iter<\/i>\u201d.<\/span><div id=\"div-gpt-ad-Messinaoggi.it-DSK-300x250-corpoart\" style=\"text-align:center;margin:0 auto;\"><\/div><\/p>\n<div id=\"videoincontent\" style=\"clear:both\";><\/div>","protected":false},"excerpt":{"rendered":"<p>\u201cMi preme evidenziare che mercoled\u00ec pomeriggio ho discusso ed esitato nel corso della seduta straordinaria la proposta di pedonalizzazione di via Dei Mille e il lato monte di viale San Martino, nonch\u00e9 di aver immediatamente provveduto (come dimostra la lettera allegata) ad inoltrare gli atti a tutti i soggetti preposti per i consequenziali provvedimenti di [&hellip;]<\/p>\n","protected":false},"author":8,"featured_media":2216,"comment_status":"closed","ping_status":"open","sticky":false,"template":"","format":"standard","meta":{"ub_ctt_via":"","_mi_skip_tracking":false},"categories":[4],"tags":[],"featured_image_src":"https:\/\/www.messinaoggi.it\/website\/wp-content\/uploads\/2017\/06\/Isola-pedonale-2.jpg","author_info":{"display_name":"red..me","author_link":"https:\/\/www.messinaoggi.it\/website\/author\/redstage\/"},"digistream_id":0,"digistream":false,"_links":{"self":[{"href":"https:\/\/www.messinaoggi.it\/website\/wp-json\/wp\/v2\/posts\/27325"}],"collection":[{"href":"https:\/\/www.messinaoggi.it\/website\/wp-json\/wp\/v2\/posts"}],"about":[{"href":"https:\/\/www.messinaoggi.it\/website\/wp-json\/wp\/v2\/types\/post"}],"author":[{"embeddable":true,"href":"https:\/\/www.messinaoggi.it\/website\/wp-json\/wp\/v2\/users\/8"}],"replies":[{"embeddable":true,"href":"https:\/\/www.messinaoggi.it\/website\/wp-json\/wp\/v2\/comments?post=27325"}],"version-history":[{"count":0,"href":"https:\/\/www.messinaoggi.it\/website\/wp-json\/wp\/v2\/posts\/27325\/revisions"}],"wp:featuredmedia":[{"embeddable":true,"href":"https:\/\/www.messinaoggi.it\/website\/wp-json\/wp\/v2\/media\/2216"}],"wp:attachment":[{"href":"https:\/\/www.messinaoggi.it\/website\/wp-json\/wp\/v2\/media?parent=27325"}],"wp:term":[{"taxonomy":"category","embeddable":true,"href":"https:\/\/www.messinaoggi.it\/website\/wp-json\/wp\/v2\/categories?post=27325"},{"taxonomy":"post_tag","embeddable":true,"href":"https:\/\/www.messinaoggi.it\/website\/wp-json\/wp\/v2\/tags?post=27325"}],"curies":[{"name":"wp","href":"https:\/\/api.w.org\/{rel}","templated":true}]}}