{"id":273249,"date":"2026-08-31T11:09:33","date_gmt":"2026-08-31T09:09:33","guid":{"rendered":"https:\/\/www.messinaoggi.it\/website\/2026\/08\/31\/occhiuto-un-errore-rincorrere-vannacci-la-risorsa-del-centrodestra-e-meloni\/"},"modified":"2026-08-31T11:09:33","modified_gmt":"2026-08-31T09:09:33","slug":"occhiuto-un-errore-rincorrere-vannacci-la-risorsa-del-centrodestra-e-meloni","status":"publish","type":"post","link":"https:\/\/www.messinaoggi.it\/website\/2026\/08\/31\/occhiuto-un-errore-rincorrere-vannacci-la-risorsa-del-centrodestra-e-meloni\/","title":{"rendered":"Occhiuto \u201cUn errore rincorrere Vannacci, la risorsa del Centrodestra \u00e8 Meloni\u201d"},"content":{"rendered":"<div>ROMA (ITALPRESS) &#8211; <em>&#8220;Se ci alleassimo con Vannacci i voti non si sommerebbero: uno sbilanciamento a destra, inseguendo i i temi populisti, ci farebbe perdere il voto moderato e riformista che al contrario dobbiamo intercettare&#8221;.<\/em> In un&#8217;intervista rilasciata al Corriere della Sera, il<strong> vicesegretario di Forza Italia e presidente della Regione Calabria, Roberto Occhiuto<\/strong>, traccia la rotta del partito ed esclude l&#8217;utilit\u00e0 di un&#8217;alleanza con il movimento di Roberto Vannacci.<div id=\"div-gpt-ad-Messinaoggi.it-DSK-300x250-corpoart\" style=\"text-align:center;margin:0 auto;\"><\/div><\/p>\n<p><em><strong>&#8220;Noto una tentazione diffusa di rincorrere Vannacci. Ma lo reputo un errore strategico.<\/strong> Lui prova a costruire un partito simile all&#8217;Afd tedesco. I voti che raccoglier\u00e0 parlando alla pancia degli elettori sono inutili. I populisti enfatizzano i problemi, additano il colpevole ma non sono capaci di individuare soluzioni. Il centrodestra non ha bisogno di Vannacci. Ha una risorsa fondamentale per vincere: Giorgia Meloni. In campagna elettorale \u00e8 formidabile&#8221; ha proseguito Occhiuto che poi parla di legge elettorale: &#8220;La riforma elettorale, che spero venga approvata presto perch\u00e8 il Parlamento deve lavorare su provvedimenti pi\u00f9 sentiti dai cittadini, \u00e8 stata formulata nell&#8217;interesse dell&#8217;Italia, per garantire stabilit\u00e0 e un governo certo&#8221;.<\/em><div id=\"videoincontent\" style=\"clear:both\";><\/div><\/p>\n<p>Su Marina Berlusconi: <em><strong>&#8220;Sono probabilmente uno dei dirigenti che parla di meno con Marina Berlusconi. La considero un riferimento culturale importante<\/strong>, la custode dello spirito liberale e innovatore di suo padre. Per questo guardo con un certo fastidio a chi la tira per la giacca, come se toccasse a lei costruire il futuro di FI: quello \u00e8 un compito nostro, della politica. Il modo migliore di esaltare il nome di Berlusconi \u00e8 attualizzarne la lezione, non scaricare addosso ai figli responsabilit\u00e0 che non hanno chiesto. A Tajani va riconosciuto il merito di aver guidato con saggezza FI nel delicato passaggio seguito alla scomparsa di Berlusconi.<strong> Lecito per\u00f2 \u00e8 domandarsi: il partito ha ancora la carica liberale e innovatrice che aveva?. La mia risposta? Credo che possa ritrovarla se non si chiude<\/strong>. E io cerco di offrire il mio contributo alla discussione. Non per insidiare il segretario, per aiutarlo. Un partito che discute i temi \u00e8 vivo. Se parla solo di equilibri o congressi \u00e8 morto. I temi che propongo? Due molto concreti: abolizione del bollo auto per tutti e no tax area per gli under 30 o 35 anni. Il governo ha fatto tanto a livello fiscale. Ma tanti elettori non lo ricordano. Facciamo nostra la lezione di Berlusconi: dare messaggi chiari. Nell&#8217;ultimo anno di legislatura \u00e8 ancor pi\u00f9 vitale&#8221;.<\/em><\/p>\n<p>&#8211; Foto: Ipa Agency &#8211;<\/p>\n<p>(ITALPRESS).<\/p><\/div>\n","protected":false},"excerpt":{"rendered":"<p>ROMA (ITALPRESS) &#8211; &#8220;Se ci alleassimo con Vannacci i voti non si sommerebbero: uno sbilanciamento a destra, inseguendo i i temi populisti, ci farebbe perdere il voto moderato e riformista che al contrario dobbiamo intercettare&#8221;. In un&#8217;intervista rilasciata al Corriere della Sera, il vicesegretario di Forza Italia e presidente della Regione Calabria, Roberto Occhiuto, traccia [&hellip;]<\/p>\n","protected":false},"author":18,"featured_media":273250,"comment_status":"closed","ping_status":"closed","sticky":false,"template":"","format":"standard","meta":{"ub_ctt_via":"","_mi_skip_tracking":false},"categories":[446],"tags":[783],"featured_image_src":"https:\/\/www.messinaoggi.it\/website\/wp-content\/uploads\/2026\/08\/20260831_0155.jpg","author_info":{"display_name":"Admin","author_link":"https:\/\/www.messinaoggi.it\/website\/author\/admin\/"},"digistream_id":0,"digistream":false,"_links":{"self":[{"href":"https:\/\/www.messinaoggi.it\/website\/wp-json\/wp\/v2\/posts\/273249"}],"collection":[{"href":"https:\/\/www.messinaoggi.it\/website\/wp-json\/wp\/v2\/posts"}],"about":[{"href":"https:\/\/www.messinaoggi.it\/website\/wp-json\/wp\/v2\/types\/post"}],"author":[{"embeddable":true,"href":"https:\/\/www.messinaoggi.it\/website\/wp-json\/wp\/v2\/users\/18"}],"replies":[{"embeddable":true,"href":"https:\/\/www.messinaoggi.it\/website\/wp-json\/wp\/v2\/comments?post=273249"}],"version-history":[{"count":0,"href":"https:\/\/www.messinaoggi.it\/website\/wp-json\/wp\/v2\/posts\/273249\/revisions"}],"wp:featuredmedia":[{"embeddable":true,"href":"https:\/\/www.messinaoggi.it\/website\/wp-json\/wp\/v2\/media\/273250"}],"wp:attachment":[{"href":"https:\/\/www.messinaoggi.it\/website\/wp-json\/wp\/v2\/media?parent=273249"}],"wp:term":[{"taxonomy":"category","embeddable":true,"href":"https:\/\/www.messinaoggi.it\/website\/wp-json\/wp\/v2\/categories?post=273249"},{"taxonomy":"post_tag","embeddable":true,"href":"https:\/\/www.messinaoggi.it\/website\/wp-json\/wp\/v2\/tags?post=273249"}],"curies":[{"name":"wp","href":"https:\/\/api.w.org\/{rel}","templated":true}]}}