{"id":273238,"date":"2026-08-31T10:33:07","date_gmt":"2026-08-31T08:33:07","guid":{"rendered":"http:\/\/www.messinaoggi.it\/website\/?p=273238"},"modified":"2026-08-31T10:33:11","modified_gmt":"2026-08-31T08:33:11","slug":"nomine-partecipate-la-matassa-singarbuglia","status":"publish","type":"post","link":"https:\/\/www.messinaoggi.it\/website\/2026\/08\/31\/nomine-partecipate-la-matassa-singarbuglia\/","title":{"rendered":"Nomine Partecipate, la matassa s\u2019ingarbuglia\u2026"},"content":{"rendered":"\n<p>Oggi dovrebbero essere note le nomine dei componenti dei Cda delle Partecipate comunale, ma il condizionale \u00e8 d\u2019obbligo perch\u00e9 sono scoppiati improvvisi mal di pancia che potrebbero minare la stabilit\u00e0 del partito di Cateno De Luca. Qualche indiscrezione \u00e8 stata mal digerita da alcune componenti interne al partito e per questo motivo ci sarebbe stata una brusca frenata.<div id=\"div-gpt-ad-Messinaoggi.it-DSK-300x250-corpoart\" style=\"text-align:center;margin:0 auto;\"><\/div><\/p>\n\n\n\n<p>Le lagnanze riguardano soprattutto quella che ormai \u00e8 diventata una componente politica, ovvero quella che fa riferimento all\u2019avvocato Silvestro. Due i nomi che il legale messinese, ormai organico al gruppo-De Luca, sarebbe riuscito a piazzare nella tornata delle nomine. Si tratta del nipote Dario Zante e dell\u2019architetto Francesco Romano, genero di Carlo Autru Ryolo. Per entrambi sarebbero pronte le presidente di altrettante Partecipate. Il peso politico della component-Silvestro si arricchisce con la presidenza del VI Quartiere.<div id=\"videoincontent\" style=\"clear:both\";><\/div><\/p>\n\n\n\n<p>Ma a qualcuno all\u2019interno di \u201cSud chiama Nord\u201d non ci sta e pare ci sia un po\u2019 il mare in tempesta. Cateno De Luca potrebbe convocare in queste ore un summit al lido del figlio a Nizza di Sicilia, diventata ormai il santuario del suo partito.<\/p>\n\n\n\n<p>Se oggi non escono i nomi \u00e8 lecito attendersi che i mal di pancia sono lancinanti.<\/p>\n","protected":false},"excerpt":{"rendered":"<p>Oggi dovrebbero essere note le nomine dei componenti dei Cda delle Partecipate comunale, ma il condizionale \u00e8 d\u2019obbligo perch\u00e9 sono scoppiati improvvisi mal di pancia che potrebbero minare la stabilit\u00e0 del partito di Cateno De Luca. Qualche indiscrezione \u00e8 stata mal digerita da alcune componenti interne al partito e per questo motivo ci sarebbe stata [&hellip;]<\/p>\n","protected":false},"author":2,"featured_media":265801,"comment_status":"open","ping_status":"open","sticky":false,"template":"","format":"standard","meta":{"ub_ctt_via":"","_mi_skip_tracking":false},"categories":[19],"tags":[14026,602,4098],"featured_image_src":"https:\/\/www.messinaoggi.it\/website\/wp-content\/uploads\/2026\/04\/IMG-20260425-WA0086.jpg","author_info":{"display_name":"Redazione","author_link":"https:\/\/www.messinaoggi.it\/website\/author\/redazione\/"},"digistream_id":0,"digistream":false,"_links":{"self":[{"href":"https:\/\/www.messinaoggi.it\/website\/wp-json\/wp\/v2\/posts\/273238"}],"collection":[{"href":"https:\/\/www.messinaoggi.it\/website\/wp-json\/wp\/v2\/posts"}],"about":[{"href":"https:\/\/www.messinaoggi.it\/website\/wp-json\/wp\/v2\/types\/post"}],"author":[{"embeddable":true,"href":"https:\/\/www.messinaoggi.it\/website\/wp-json\/wp\/v2\/users\/2"}],"replies":[{"embeddable":true,"href":"https:\/\/www.messinaoggi.it\/website\/wp-json\/wp\/v2\/comments?post=273238"}],"version-history":[{"count":1,"href":"https:\/\/www.messinaoggi.it\/website\/wp-json\/wp\/v2\/posts\/273238\/revisions"}],"predecessor-version":[{"id":273239,"href":"https:\/\/www.messinaoggi.it\/website\/wp-json\/wp\/v2\/posts\/273238\/revisions\/273239"}],"wp:featuredmedia":[{"embeddable":true,"href":"https:\/\/www.messinaoggi.it\/website\/wp-json\/wp\/v2\/media\/265801"}],"wp:attachment":[{"href":"https:\/\/www.messinaoggi.it\/website\/wp-json\/wp\/v2\/media?parent=273238"}],"wp:term":[{"taxonomy":"category","embeddable":true,"href":"https:\/\/www.messinaoggi.it\/website\/wp-json\/wp\/v2\/categories?post=273238"},{"taxonomy":"post_tag","embeddable":true,"href":"https:\/\/www.messinaoggi.it\/website\/wp-json\/wp\/v2\/tags?post=273238"}],"curies":[{"name":"wp","href":"https:\/\/api.w.org\/{rel}","templated":true}]}}