{"id":27318,"date":"2018-12-01T09:29:34","date_gmt":"2018-12-01T08:29:34","guid":{"rendered":"http:\/\/www.messinaoggi.it\/website\/?p=27318"},"modified":"2018-12-01T09:29:34","modified_gmt":"2018-12-01T08:29:34","slug":"fratelli-ditalia-curro-nominato-coordinatore-provinciale","status":"publish","type":"post","link":"https:\/\/www.messinaoggi.it\/website\/2018\/12\/01\/fratelli-ditalia-curro-nominato-coordinatore-provinciale\/","title":{"rendered":"Fratelli d&#039;Italia, Curr\u00f2 nominato coordinatore provinciale"},"content":{"rendered":"<p style=\"text-align: justify;\">Fratelli d&#8217;Italia si struttura a livello provinciale. Nei giorni scorsi sono arrivate da Roma le nomine da parte del presidente <strong>Giorgia Meloni<\/strong>.<div id=\"div-gpt-ad-Messinaoggi.it-DSK-300x250-corpoart\" style=\"text-align:center;margin:0 auto;\"><\/div><\/p>\n<p style=\"text-align: justify;\">\u201c<em>In bocca al lupo al nuovo coordinatore Fratelli d\u2019Italia della citt\u00e0 metropolitana di Messina, Pasquale Curr\u00f2, al quale cedo il testimone, poich\u00e9 ha, nei giorni scorsi, ricevuto direttamente dalla Presidente, l\u2019On. Giorgia Meloni, l\u2019incarico di dar vita a dipartimenti cittadini sul nostro territorio, al fine di rafforzare ulteriormente la rete che consente alle istanze territoriali, le proposte e le criticit\u00e0, di giungere direttamente all\u2019attenzione della deputazione regionale e nazionale<\/em>\u201d. Lo afferma la parlamentare messinese FdI all\u2019Ars, <strong>Elvira Amata<\/strong>, fino ad oggi commissario designato di FdI per il coordinamento cittadino.<div id=\"videoincontent\" style=\"clear:both\";><\/div><\/p>\n<p style=\"text-align: justify;\">\u201c<em>Esiste un gruppo nutrito di attivisti che non intende restare con le mani in mano e vuol dare il proprio contributo nella costruzione di un futuro sostenibile per noi e le generazioni future. E, per questa ragione, insieme ad un numero sempre crescente di amici siamo al lavoro perch\u00e9 la voce del territorio non sia inascoltata<\/em>\u201d, <strong>commenta Pasquale Curr\u00f2<\/strong>.<\/p>\n<p style=\"text-align: justify;\">\u201c<em>Sono onorato che al lavoro di questi anni sia giunta la legittimazione della nostra leader, a cui va la mia riconoscenza per avermi attribuito personalmente un impegno di tale importanza. In nome di un desiderio crescente di partecipazione alla vita politica e sociale abbiamo subito provveduto alla strutturazione di veri e propri dipartimenti che hanno il compito di monitorare campi fondamentali della vita della collettivit\u00e0, nonch\u00e9 di identificare dei referenti territoriali, quartiere per quartiere, affinch\u00e9 il network parta dalle circoscrizioni fino a giungere alle Aule parlamentari.\u00a0<\/em><em>Messina, inoltre, ha subito aderito all\u2019iniziativa nazionale del nostro partito che si propone nei giorni di sabato e domenica pv di avviare una campagna di informazione e raccolta firme contro il global compact e la fatturazione elettronica. Saranno allestiti dei banchetti per consentire ai cittadini che vorranno aderire, di saperne di pi\u00f9 e dire la propria su temi estremamente delicato dei quali si discute in questi giorni a Roma.\u00a0<\/em><em>Il nostro gruppo sar\u00e0 presente sabato e domenica mattina a Piazza Cairoli (lato nord) per divulgare materiale e consentire una regolare raccolta firme. In questo momento di confusione governativa \u00e8 essenziale che il centro destra e, in generale chiunque non si identifichi in politiche fumose e ciarlatane, esprima il proprio dissenso in modo pacato ma incisivo. Per questo riteniamo essenziale portare la politica in piazza. Per questo chiediamo ai nostri concittadini di partecipare a questo momento di partecipazione democratica<\/em>\u201d.<\/p>\n<p style=\"text-align: justify;\">Conclude il neo coordinatore del partito fondato da Giorgia Meloni.<\/p>\n<p><strong>Ecco i nomi dei responsabili dei Dipartimenti.<\/strong><\/p>\n<ul>\n<li><strong>Enrico Livio<\/strong> &#8211; Dipartimento Giustizia (Presidente)<\/li>\n<li><strong>Sebastian Romeo<\/strong> &#8211; Dipartimento Giustizia (Vicepresidente)<\/li>\n<li><strong>Giuseppe Mafali<\/strong> &#8211; Dipartimento Sicurezza<\/li>\n<li><strong>Giovanni Caminiti<\/strong> &#8211; Dipartimento Sanit\u00e0 (Presidente)<\/li>\n<li><strong>Michele Grosso<\/strong> &#8211; Dipartimento Sanit\u00e0 (Vicepresidente)<\/li>\n<li><strong>Antonino Giacobello<\/strong> &#8211; Dipartimento Sviluppo economico e Rapporti con l\u2019Ordine dei Commercialisti<\/li>\n<li><strong>Massimiliano Bernava<\/strong> &#8211; Dipartimento comunicazione web e media<\/li>\n<li><strong>Angelica Nuccio<\/strong> &#8211; Dipartimento Cultura<\/li>\n<li><strong>Salvatore Sapienza<\/strong> &#8211; Responsabile attivit\u00e0 e iniziative editoriali<\/li>\n<li><strong>Rosalba Mollica<\/strong> responsabile tutela vittime violenza<\/li>\n<li><strong>Rosamaria Trischitta<\/strong> &#8211; Dipartimento Scuola<\/li>\n<li><strong>Roberto D\u2019Andrea<\/strong> &#8211; Dipartimento Urbanistica e Politiche del territorio<\/li>\n<li><strong>Alessandro Zanetti<\/strong> &#8211; Dipartimento Protezione Civile, Ambiente e Tutela del territorio<\/li>\n<li><strong>Francesco Santoro<\/strong> &#8211; Dipartimento Commercio<\/li>\n<li><strong>Rosy Danzino<\/strong> &#8211; Dipartimento Turismo<\/li>\n<\/ul>\n<p><em>*Responsabili dei dipartimenti cittadini FdI<\/em><br \/>\nResponsabili pianificazione e monitoraggio territorio<br \/>\n&#8211; 1\u2022 Quartiere : <strong>Alessandro Costa<\/strong><br \/>\n-3\u2022 Quartiere: <strong>Andrea Fria<\/strong> (gi\u00e0 componente del consiglio di quartiere)<\/p>\n","protected":false},"excerpt":{"rendered":"<p>Fratelli d&#8217;Italia si struttura a livello provinciale. Nei giorni scorsi sono arrivate da Roma le nomine da parte del presidente Giorgia Meloni. \u201cIn bocca al lupo al nuovo coordinatore Fratelli d\u2019Italia della citt\u00e0 metropolitana di Messina, Pasquale Curr\u00f2, al quale cedo il testimone, poich\u00e9 ha, nei giorni scorsi, ricevuto direttamente dalla Presidente, l\u2019On. Giorgia Meloni, [&hellip;]<\/p>\n","protected":false},"author":2,"featured_media":10425,"comment_status":"closed","ping_status":"open","sticky":false,"template":"","format":"standard","meta":{"ub_ctt_via":"","_mi_skip_tracking":false},"categories":[4],"tags":[],"featured_image_src":"https:\/\/www.messinaoggi.it\/website\/wp-content\/uploads\/2017\/10\/meloni-amata-a-maregrossoRRP_1892.jpg","author_info":{"display_name":"Redazione","author_link":"https:\/\/www.messinaoggi.it\/website\/author\/redazione\/"},"digistream_id":0,"digistream":false,"_links":{"self":[{"href":"https:\/\/www.messinaoggi.it\/website\/wp-json\/wp\/v2\/posts\/27318"}],"collection":[{"href":"https:\/\/www.messinaoggi.it\/website\/wp-json\/wp\/v2\/posts"}],"about":[{"href":"https:\/\/www.messinaoggi.it\/website\/wp-json\/wp\/v2\/types\/post"}],"author":[{"embeddable":true,"href":"https:\/\/www.messinaoggi.it\/website\/wp-json\/wp\/v2\/users\/2"}],"replies":[{"embeddable":true,"href":"https:\/\/www.messinaoggi.it\/website\/wp-json\/wp\/v2\/comments?post=27318"}],"version-history":[{"count":0,"href":"https:\/\/www.messinaoggi.it\/website\/wp-json\/wp\/v2\/posts\/27318\/revisions"}],"wp:featuredmedia":[{"embeddable":true,"href":"https:\/\/www.messinaoggi.it\/website\/wp-json\/wp\/v2\/media\/10425"}],"wp:attachment":[{"href":"https:\/\/www.messinaoggi.it\/website\/wp-json\/wp\/v2\/media?parent=27318"}],"wp:term":[{"taxonomy":"category","embeddable":true,"href":"https:\/\/www.messinaoggi.it\/website\/wp-json\/wp\/v2\/categories?post=27318"},{"taxonomy":"post_tag","embeddable":true,"href":"https:\/\/www.messinaoggi.it\/website\/wp-json\/wp\/v2\/tags?post=27318"}],"curies":[{"name":"wp","href":"https:\/\/api.w.org\/{rel}","templated":true}]}}