{"id":27317,"date":"2018-12-01T09:15:03","date_gmt":"2018-12-01T08:15:03","guid":{"rendered":"http:\/\/www.messinaoggi.it\/website\/?p=27317"},"modified":"2018-12-01T09:15:03","modified_gmt":"2018-12-01T08:15:03","slug":"torna-onde-sonore-martedi-la-presentazione","status":"publish","type":"post","link":"https:\/\/www.messinaoggi.it\/website\/2018\/12\/01\/torna-onde-sonore-martedi-la-presentazione\/","title":{"rendered":"Torna &quot;Onde Sonore&quot;, marted\u00ec la presentazione"},"content":{"rendered":"<p>Martedi prossino, alle 11, presso la galleria d\u2019arte moderna della Citt\u00e0 Metropolitana di Messina \u201cLucio Barbera\u201d, in Via XXIIV maggio, si terr\u00e0 la conferenza stampa di presentazione della quarta edizione della rassegna musicale \u201cOnde Sonore\u201d, organizzata dalla Caronte&amp;Tourist a bordo della nuova ammiraglia della flotta \u201cElio\u201d.<br \/>\nSaranno presenti propriet\u00e0 e management della societ\u00e0. &#8220;Onde Sonore&#8221; \u00e8 diventato un tradizionale appuntamento natalizio proposto dalla societ\u00e0 armatrice messinese.<div id=\"div-gpt-ad-Messinaoggi.it-DSK-300x250-corpoart\" style=\"text-align:center;margin:0 auto;\"><\/div><\/p>\n<div id=\"videoincontent\" style=\"clear:both\";><\/div>","protected":false},"excerpt":{"rendered":"<p>Martedi prossino, alle 11, presso la galleria d\u2019arte moderna della Citt\u00e0 Metropolitana di Messina \u201cLucio Barbera\u201d, in Via XXIIV maggio, si terr\u00e0 la conferenza stampa di presentazione della quarta edizione della rassegna musicale \u201cOnde Sonore\u201d, organizzata dalla Caronte&amp;Tourist a bordo della nuova ammiraglia della flotta \u201cElio\u201d. Saranno presenti propriet\u00e0 e management della societ\u00e0. &#8220;Onde Sonore&#8221; [&hellip;]<\/p>\n","protected":false},"author":2,"featured_media":12681,"comment_status":"closed","ping_status":"open","sticky":false,"template":"","format":"standard","meta":{"ub_ctt_via":"","_mi_skip_tracking":false},"categories":[17],"tags":[],"featured_image_src":"https:\/\/www.messinaoggi.it\/website\/wp-content\/uploads\/2017\/12\/onde-sonore-2017.gif","author_info":{"display_name":"Redazione","author_link":"https:\/\/www.messinaoggi.it\/website\/author\/redazione\/"},"digistream_id":0,"digistream":false,"_links":{"self":[{"href":"https:\/\/www.messinaoggi.it\/website\/wp-json\/wp\/v2\/posts\/27317"}],"collection":[{"href":"https:\/\/www.messinaoggi.it\/website\/wp-json\/wp\/v2\/posts"}],"about":[{"href":"https:\/\/www.messinaoggi.it\/website\/wp-json\/wp\/v2\/types\/post"}],"author":[{"embeddable":true,"href":"https:\/\/www.messinaoggi.it\/website\/wp-json\/wp\/v2\/users\/2"}],"replies":[{"embeddable":true,"href":"https:\/\/www.messinaoggi.it\/website\/wp-json\/wp\/v2\/comments?post=27317"}],"version-history":[{"count":0,"href":"https:\/\/www.messinaoggi.it\/website\/wp-json\/wp\/v2\/posts\/27317\/revisions"}],"wp:featuredmedia":[{"embeddable":true,"href":"https:\/\/www.messinaoggi.it\/website\/wp-json\/wp\/v2\/media\/12681"}],"wp:attachment":[{"href":"https:\/\/www.messinaoggi.it\/website\/wp-json\/wp\/v2\/media?parent=27317"}],"wp:term":[{"taxonomy":"category","embeddable":true,"href":"https:\/\/www.messinaoggi.it\/website\/wp-json\/wp\/v2\/categories?post=27317"},{"taxonomy":"post_tag","embeddable":true,"href":"https:\/\/www.messinaoggi.it\/website\/wp-json\/wp\/v2\/tags?post=27317"}],"curies":[{"name":"wp","href":"https:\/\/api.w.org\/{rel}","templated":true}]}}