{"id":27255,"date":"2018-11-29T15:12:00","date_gmt":"2018-11-29T14:12:00","guid":{"rendered":"http:\/\/www.messinaoggi.it\/website\/?p=27255"},"modified":"2018-11-29T15:12:00","modified_gmt":"2018-11-29T14:12:00","slug":"governo-in-affanno-faraone-mai-alleati-di-musumeci","status":"publish","type":"post","link":"https:\/\/www.messinaoggi.it\/website\/2018\/11\/29\/governo-in-affanno-faraone-mai-alleati-di-musumeci\/","title":{"rendered":"Governo in affanno, Faraone: &quot;Mai alleati di Musumeci&quot;"},"content":{"rendered":"<p style=\"text-align: justify;\">&#8220;Oggi paghiamo il fatto di aver perduto un&#8217;opportunit\u00e0 perch\u00e9 quando abbiamo governato la Sicilia non l&#8217;abbiamo fatto bene, \u00e8un dato oggettivo. Se ho un rimpianto e&#8217; che nonostante contestassi con forza quella modalit\u00e0 di governo, non sono riuscito fino in fondo a determinare il cambiamento. Oggi bisogna ripartire dicendo che abbiamo sbagliato e che vogliamo proporre un altro modello per la Sicilia per costruire un partito che non sia pi\u00f9 marginale e che recuperi centralit\u00e0&#8221;.<div id=\"div-gpt-ad-Messinaoggi.it-DSK-300x250-corpoart\" style=\"text-align:center;margin:0 auto;\"><\/div><\/p>\n<p style=\"text-align: justify;\">Ad affermarlo \u00e8 il senatore del Partito democratico, Davide Faraone, candidato alle primarie siciliane, rispondendo ai giornalisti sull&#8217;ipotesi di un sostegno all&#8217;Ars al governo di centrodestra guidato da Nello Musumeci. Il Pd fara&#8217; opposizione a Musumeci quindi? &#8220;Stiamo discutendo di questo? Siamo un partito all&#8217;opposizione, sia a Roma sia in Sicilia &#8211; ha ribadito &#8211; in ambito nazionale nonostante siamo stati mandati all&#8217;opposizione c&#8217;e&#8217; stato il tentativo, anche di parte di forze del nostro partito, di farci entrare al governo per la porta di servizio, ma noi abbiamo detto di no&#8221;. E la presenza del presidente dell&#8217;Ars, il forzista Gianfranco Miccich\u00e9, alla &#8216;Leopolda sicula&#8217;? &#8220;Quando Miccicch\u00e9 va alle feste dell&#8217;Unita&#8217; o ci e&#8217; andato Fico o qualsiasi altro presidente della Camera e del Senato non c&#8217;e&#8217; la polemica e se li invito io si&#8217;? Il tema e&#8217; un altro, io ho un modello di partito radicalmente alternativo perch\u00e9 penso che dobbiamo costruire un contenitore che aggreghi tutti quelli che pensano che Lega e M5s sono due forze populiste, pericolose, antimeridionaliste e razziste&#8221;. Il tema, per Faraone, &#8220;non sono l&#8217;apparato e i deputati di Forza Italia e del Pd, qui il tema e&#8217; rivolgersi ai cittadini. Il Partito democratico oggi appare chiuso. Ci sono nei circoli tizi che hanno quattro tessere che non fanno avvicinare pi\u00f9 nessuno. Dobbiamo scardinare queste logiche: il tema e&#8217; rivolgersi ai cittadini e aprire: chi invece pensa che bisogna chiudere e&#8217; una persona che va avversata in tutti i modi perch\u00e9 ci condanner\u00e0alla sconfitta perenne&#8221;.<div id=\"videoincontent\" style=\"clear:both\";><\/div><\/p>\n","protected":false},"excerpt":{"rendered":"<p>&#8220;Oggi paghiamo il fatto di aver perduto un&#8217;opportunit\u00e0 perch\u00e9 quando abbiamo governato la Sicilia non l&#8217;abbiamo fatto bene, \u00e8un dato oggettivo. Se ho un rimpianto e&#8217; che nonostante contestassi con forza quella modalit\u00e0 di governo, non sono riuscito fino in fondo a determinare il cambiamento. Oggi bisogna ripartire dicendo che abbiamo sbagliato e che vogliamo [&hellip;]<\/p>\n","protected":false},"author":2,"featured_media":1962,"comment_status":"closed","ping_status":"open","sticky":false,"template":"","format":"standard","meta":{"ub_ctt_via":"","_mi_skip_tracking":false},"categories":[4],"tags":[],"featured_image_src":"https:\/\/www.messinaoggi.it\/website\/wp-content\/uploads\/2017\/06\/Faraone-1-2.jpg","author_info":{"display_name":"Redazione","author_link":"https:\/\/www.messinaoggi.it\/website\/author\/redazione\/"},"digistream_id":0,"digistream":false,"_links":{"self":[{"href":"https:\/\/www.messinaoggi.it\/website\/wp-json\/wp\/v2\/posts\/27255"}],"collection":[{"href":"https:\/\/www.messinaoggi.it\/website\/wp-json\/wp\/v2\/posts"}],"about":[{"href":"https:\/\/www.messinaoggi.it\/website\/wp-json\/wp\/v2\/types\/post"}],"author":[{"embeddable":true,"href":"https:\/\/www.messinaoggi.it\/website\/wp-json\/wp\/v2\/users\/2"}],"replies":[{"embeddable":true,"href":"https:\/\/www.messinaoggi.it\/website\/wp-json\/wp\/v2\/comments?post=27255"}],"version-history":[{"count":0,"href":"https:\/\/www.messinaoggi.it\/website\/wp-json\/wp\/v2\/posts\/27255\/revisions"}],"wp:featuredmedia":[{"embeddable":true,"href":"https:\/\/www.messinaoggi.it\/website\/wp-json\/wp\/v2\/media\/1962"}],"wp:attachment":[{"href":"https:\/\/www.messinaoggi.it\/website\/wp-json\/wp\/v2\/media?parent=27255"}],"wp:term":[{"taxonomy":"category","embeddable":true,"href":"https:\/\/www.messinaoggi.it\/website\/wp-json\/wp\/v2\/categories?post=27255"},{"taxonomy":"post_tag","embeddable":true,"href":"https:\/\/www.messinaoggi.it\/website\/wp-json\/wp\/v2\/tags?post=27255"}],"curies":[{"name":"wp","href":"https:\/\/api.w.org\/{rel}","templated":true}]}}