{"id":27217,"date":"2018-11-29T08:13:45","date_gmt":"2018-11-29T07:13:45","guid":{"rendered":"http:\/\/www.messinaoggi.it\/website\/?p=27217"},"modified":"2018-11-29T08:13:45","modified_gmt":"2018-11-29T07:13:45","slug":"emergenza-rifiuti-i-pentastellati-vogliamo-vederci-chiaro","status":"publish","type":"post","link":"https:\/\/www.messinaoggi.it\/website\/2018\/11\/29\/emergenza-rifiuti-i-pentastellati-vogliamo-vederci-chiaro\/","title":{"rendered":"Emergenza rifiuti, i pentastellati: &quot;Vogliamo vederci chiaro&quot;"},"content":{"rendered":"<p lang=\"it-IT\">\u201c<span style=\"font-family: Arial, sans-serif\"><span style=\"font-size: medium\"><em>Non possiamo consentire speculazioni su un servizio pubblico essenziale come quello della raccolta dei rifiuti e vogliamo vederci chiaro sulle cause che ne hanno determinato l\u2019ennesima emergenza, stranamente preannunciata sulla stampa dal Presidente di Messina Servizi, Giuseppe Lombardo, gi\u00e0 ai primi di ottobre, peraltro quando il servizio veniva erogato regolarmente<\/em>\u201d. Ad affermarlo sono i consiglieri comunali e circoscrizionali del Movimento 5 Stelle, i quali adesso vogliono vederci chiaro su quali siano state le reali cause che hanno scatenato la recente emergenza rifiuti. Troppe coincidenze strane secondo i pentastellati, che a detta loro si sarebbero verificate non a caso in quello che viene descritto come un clima da regolamento di conti: \u201c<em>Troppe avarie sospette di mezzi che causano una strana emergenza rifiuti in citt\u00e0 ed un clima all&#8217;interno dell\u2019azienda da &#8216;regolamento di conti&#8217;, senza contare i continui attacchi al Direttore Generale quasi come se fosse il capro espiatorio di tutta una gestione poco chiara che l&#8217;assessore con delega rifiuti e ambiente Dafne Musolino dovrebbe finalmente chiarire con il Presidente Lombardo<\/em>\u201d.<\/span><\/span><div id=\"div-gpt-ad-Messinaoggi.it-DSK-300x250-corpoart\" style=\"text-align:center;margin:0 auto;\"><\/div><\/p>\n<p lang=\"it-IT\">\u201c<span style=\"font-family: Arial, sans-serif\"><span style=\"font-size: medium\"><em>Chiediamo pertanto l\u2019intervento del Prefetto e dell\u2019Autorit\u00e0 Giudiziaria al fine di prevenire ulteriori emergenze rifiuti ed episodi come quelli avvenuti nei primi giorni di novembre. Messina ed i suoi cittadini meritano di raggiungere gli standard europei ed avere una raccolta differenziata del 65% entro luglio 2019<\/em>&#8220;.<\/span><\/span><div id=\"videoincontent\" style=\"clear:both\";><\/div><\/p>\n<p lang=\"it-IT\"><a name=\"_GoBack1\"><\/a><span style=\"font-family: Arial, sans-serif\"><span style=\"font-size: medium\">Arriva poi la stoccata dei 5 Stelle nei confronti del sindaco Cateno De Luca: \u201c<em>Non pu\u00f2 bastare presa d&#8217;atto, peraltro tardiva, da parte del Sindaco che chiede scusa alla citt\u00e0, n\u00e9 l&#8217;ambizioso programma di una task force emergenziale per uscire dalla crisi o peggio, l\u2019utilizzo dei vigili urbani distratti da servizi essenziali per la citt\u00e0. E che dire della promessa del primo cittadino che propone &#8216;incentivi milionari&#8217; per incrementare la differenziata, a fronte delle minacce di liquidazione culminate con l\u2019interpretazione della segreteria generale del Comune, in merito alla legge Madia che sembrerebbe prevedere la liquidazione della partecipata ed il ricorso al mercato. Inoltre appare singolare l\u2019intenzione del Sindaco di combattere gli sprechi quando anzich\u00e9 mantenere 1 solo Amministratore Delegato come previsto dalla legge Madia per le aziende &#8216;monoutility&#8217;, invece crea un consiglio di amministrazione a 3 componenti<\/em>\u201d.<\/span><\/span><\/p>\n<p lang=\"it-IT\"><span style=\"font-family: Arial, sans-serif\"><span style=\"font-size: medium\">&#8220;<em>Nell\u2019interesse della cittadinanza e del rispetto della legalit\u00e0<\/em> &#8211; concludono i pentastellati &#8211;<em> non staremo certo a guardare e verificheremo tutti gli atti e le anomalie di gestione che continuano a registrarsi in questa partecipata, valutando tutte le iniziative necessarie per rimuovere incrostazioni e consuetudini che oggi non possono essere responsabili di continui disservizi. Nel frattempo auspichiamo che il Presidente Lombardo si renda finalmente conto autonomamente del suo ruolo e delle sue competenze dentro Messina servizi, e prenda atto che l&#8217;eventuale mancato raggiungimento degli obiettivi sulla differenziata, peraltro gi\u00e0 in arretrato e la stessa emergenza rifiuti in atto lo vedono di certo corresponsabile di fronte alla citt\u00e0. Oggi temiamo che saranno solo i cittadini a pagare con un incremento delle tariffe e probabilmente si cercher\u00e0 l&#8217;ennesimo capro espiatorio per giustificare il fallimento politico della gestione del servizio rifiuti targato De Luca-Lombardo<\/em>&#8220;. <\/span><\/span><\/p>\n","protected":false},"excerpt":{"rendered":"<p>\u201cNon possiamo consentire speculazioni su un servizio pubblico essenziale come quello della raccolta dei rifiuti e vogliamo vederci chiaro sulle cause che ne hanno determinato l\u2019ennesima emergenza, stranamente preannunciata sulla stampa dal Presidente di Messina Servizi, Giuseppe Lombardo, gi\u00e0 ai primi di ottobre, peraltro quando il servizio veniva erogato regolarmente\u201d. Ad affermarlo sono i consiglieri [&hellip;]<\/p>\n","protected":false},"author":8,"featured_media":21225,"comment_status":"closed","ping_status":"open","sticky":false,"template":"","format":"standard","meta":{"ub_ctt_via":"","_mi_skip_tracking":false},"categories":[4],"tags":[],"featured_image_src":"https:\/\/www.messinaoggi.it\/website\/wp-content\/uploads\/2018\/06\/movimento-5-stelle-1.jpg","author_info":{"display_name":"red..me","author_link":"https:\/\/www.messinaoggi.it\/website\/author\/redstage\/"},"digistream_id":0,"digistream":false,"_links":{"self":[{"href":"https:\/\/www.messinaoggi.it\/website\/wp-json\/wp\/v2\/posts\/27217"}],"collection":[{"href":"https:\/\/www.messinaoggi.it\/website\/wp-json\/wp\/v2\/posts"}],"about":[{"href":"https:\/\/www.messinaoggi.it\/website\/wp-json\/wp\/v2\/types\/post"}],"author":[{"embeddable":true,"href":"https:\/\/www.messinaoggi.it\/website\/wp-json\/wp\/v2\/users\/8"}],"replies":[{"embeddable":true,"href":"https:\/\/www.messinaoggi.it\/website\/wp-json\/wp\/v2\/comments?post=27217"}],"version-history":[{"count":0,"href":"https:\/\/www.messinaoggi.it\/website\/wp-json\/wp\/v2\/posts\/27217\/revisions"}],"wp:featuredmedia":[{"embeddable":true,"href":"https:\/\/www.messinaoggi.it\/website\/wp-json\/wp\/v2\/media\/21225"}],"wp:attachment":[{"href":"https:\/\/www.messinaoggi.it\/website\/wp-json\/wp\/v2\/media?parent=27217"}],"wp:term":[{"taxonomy":"category","embeddable":true,"href":"https:\/\/www.messinaoggi.it\/website\/wp-json\/wp\/v2\/categories?post=27217"},{"taxonomy":"post_tag","embeddable":true,"href":"https:\/\/www.messinaoggi.it\/website\/wp-json\/wp\/v2\/tags?post=27217"}],"curies":[{"name":"wp","href":"https:\/\/api.w.org\/{rel}","templated":true}]}}