{"id":27189,"date":"2018-11-28T08:23:18","date_gmt":"2018-11-28T07:23:18","guid":{"rendered":"http:\/\/www.messinaoggi.it\/website\/?p=27189"},"modified":"2018-11-28T08:23:18","modified_gmt":"2018-11-28T07:23:18","slug":"fiume-di-fango-a-san-licandro-laimo-mettere-in-sicurezza-la-zona","status":"publish","type":"post","link":"https:\/\/www.messinaoggi.it\/website\/2018\/11\/28\/fiume-di-fango-a-san-licandro-laimo-mettere-in-sicurezza-la-zona\/","title":{"rendered":"Fiume di fango a San Licandro, Laimo: &quot;Mettere in sicurezza la zona&quot;"},"content":{"rendered":"<p><span style=\"color: #26282a\">\u201c<\/span><span style=\"color: #26282a\"><span style=\"font-family: Arial, sans-serif\"><span style=\"font-size: medium\"><i>Dopo l&#8217;acquazzone di<\/i><\/span><\/span><\/span><span style=\"color: #000000\"><span style=\"font-family: Arial, sans-serif\"><span style=\"font-size: medium\"><i> ieri <\/i><\/span><\/span><\/span><span style=\"color: #26282a\"><span style=\"font-family: Arial, sans-serif\"><span style=\"font-size: medium\"><i>la via Leonardo Sciascia a San Licandro si \u00e8 trasformata nel greto di un torrente: dalla collina infatti cumuli di detriti si sono riversati sulla carreggiata, creando non pochi problemi anche alla viabilit\u00e0 di autovetture e scooteristi<\/i><\/span><\/span><\/span><span style=\"color: #26282a\"><span style=\"font-family: Arial, sans-serif\"><span style=\"font-size: medium\">\u201d. A renderlo noto \u00e8 un preoccupato Franco Laimo, consigliere della V Circoscrizione che ha posto sotto la luce dei riflettori il problema relativo ai potenziali pericoli che ruotano attorno a certe aree di Messina al verificarsi di rovesci leggermente pi\u00f9 violenti del solito. \u201c<\/span><\/span><\/span><span style=\"color: #26282a\"><span style=\"font-family: Arial, sans-serif\"><span style=\"font-size: medium\"><i>P<\/i><\/span><\/span><\/span><span style=\"color: #26282a\"><span style=\"font-family: Arial, sans-serif\"><span style=\"font-size: medium\"><i>er la furia dell&#8217;acqua &#8211;<\/i><\/span><\/span><\/span><span style=\"color: #26282a\"><span style=\"font-family: Arial, sans-serif\"><span style=\"font-size: medium\">\u00a0aggiunge poi Laimo &#8211;<\/span><\/span><\/span><span style=\"color: #26282a\"><span style=\"font-family: Arial, sans-serif\"><span style=\"font-size: medium\"><i> diverse auto si sono dovute accostare e fermarsi<\/i><\/span><\/span><\/span><span style=\"color: #26282a\"><span style=\"font-family: Arial, sans-serif\"><span style=\"font-size: medium\">.<\/span><\/span><\/span><span style=\"color: #26282a\"><span style=\"font-family: Arial, sans-serif\"><span style=\"font-size: medium\"><i> A peggiorare la situazione poi griglie e tombini occlusi, che non permettevano dunque il regolare defluire delle acque<\/i><\/span><\/span><\/span><span style=\"color: #26282a\"><span style=\"font-family: Arial, sans-serif\"><span style=\"font-size: medium\">\u201d.<\/span><\/span><\/span><br \/>\n<a href=\"http:\/\/www.messinaoggi.it\/website\/wp-content\/uploads\/2018\/11\/fiume-di-fango-a-san-licandro.jpg\"><img loading=\"lazy\" class=\"alignnone size-full wp-image-27190\" src=\"http:\/\/www.messinaoggi.it\/website\/wp-content\/uploads\/2018\/11\/fiume-di-fango-a-san-licandro.jpg\" alt=\"\" width=\"777\" height=\"1600\" \/><\/a><div id=\"div-gpt-ad-Messinaoggi.it-DSK-300x250-corpoart\" style=\"text-align:center;margin:0 auto;\"><\/div><\/p>\n<p align=\"LEFT\"><span style=\"color: #26282a\">\u201c<span style=\"font-family: Arial, sans-serif\"><span style=\"font-size: medium\"><em>Chiedo l&#8217;immediato intervento di pulizia dell&#8217;intera area e di messa in sicurezza della zona da eventuali pericolosi smottamenti collinari, ricordando che lo stesso Consiglio, dopo un certosino lavoro nella Commissione Ambiente e Territorio da me coordinata, ha gi\u00e0 deliberato per tempo su pulizia di griglie e tombini ricadenti su tutto il territorio circoscrizionale<\/em>\u201d.<\/span><\/span><\/span><div id=\"videoincontent\" style=\"clear:both\";><\/div><\/p>\n<p align=\"LEFT\"><span style=\"color: #26282a\">\u201c<span style=\"font-family: Arial, sans-serif\"><span style=\"font-size: medium\"><em>Situazione analoga anche di fronte gli imbarcaderi di viale della Libert\u00e0, dove i commercianti si sono nuovamente allagati a causa dei tombini saltati e griglie di scolo acque otturate. Sono stato contattato da numerosi commercianti della zona ormai esausti dai periodici allagamenti delle proprie attivit\u00e0 commerciali; l&#8217;intera zona tra l&#8217;altro \u00e8 totalmente al buio da diversi giorni, fattore negativo per la pubblica e privata incolumit\u00e0<\/em>\u201d.<\/span><\/span><\/span><\/p>\n","protected":false},"excerpt":{"rendered":"<p>\u201cDopo l&#8217;acquazzone di ieri la via Leonardo Sciascia a San Licandro si \u00e8 trasformata nel greto di un torrente: dalla collina infatti cumuli di detriti si sono riversati sulla carreggiata, creando non pochi problemi anche alla viabilit\u00e0 di autovetture e scooteristi\u201d. A renderlo noto \u00e8 un preoccupato Franco Laimo, consigliere della V Circoscrizione che ha [&hellip;]<\/p>\n","protected":false},"author":8,"featured_media":27191,"comment_status":"closed","ping_status":"open","sticky":false,"template":"","format":"standard","meta":{"ub_ctt_via":"","_mi_skip_tracking":false},"categories":[5],"tags":[],"featured_image_src":"https:\/\/www.messinaoggi.it\/website\/wp-content\/uploads\/2018\/11\/fiume-di-fango-a-san-licandro-2.jpg","author_info":{"display_name":"red..me","author_link":"https:\/\/www.messinaoggi.it\/website\/author\/redstage\/"},"digistream_id":0,"digistream":false,"_links":{"self":[{"href":"https:\/\/www.messinaoggi.it\/website\/wp-json\/wp\/v2\/posts\/27189"}],"collection":[{"href":"https:\/\/www.messinaoggi.it\/website\/wp-json\/wp\/v2\/posts"}],"about":[{"href":"https:\/\/www.messinaoggi.it\/website\/wp-json\/wp\/v2\/types\/post"}],"author":[{"embeddable":true,"href":"https:\/\/www.messinaoggi.it\/website\/wp-json\/wp\/v2\/users\/8"}],"replies":[{"embeddable":true,"href":"https:\/\/www.messinaoggi.it\/website\/wp-json\/wp\/v2\/comments?post=27189"}],"version-history":[{"count":0,"href":"https:\/\/www.messinaoggi.it\/website\/wp-json\/wp\/v2\/posts\/27189\/revisions"}],"wp:featuredmedia":[{"embeddable":true,"href":"https:\/\/www.messinaoggi.it\/website\/wp-json\/wp\/v2\/media\/27191"}],"wp:attachment":[{"href":"https:\/\/www.messinaoggi.it\/website\/wp-json\/wp\/v2\/media?parent=27189"}],"wp:term":[{"taxonomy":"category","embeddable":true,"href":"https:\/\/www.messinaoggi.it\/website\/wp-json\/wp\/v2\/categories?post=27189"},{"taxonomy":"post_tag","embeddable":true,"href":"https:\/\/www.messinaoggi.it\/website\/wp-json\/wp\/v2\/tags?post=27189"}],"curies":[{"name":"wp","href":"https:\/\/api.w.org\/{rel}","templated":true}]}}