{"id":27179,"date":"2018-11-27T20:13:35","date_gmt":"2018-11-27T19:13:35","guid":{"rendered":"http:\/\/www.messinaoggi.it\/website\/?p=27179"},"modified":"2018-11-27T20:13:35","modified_gmt":"2018-11-27T19:13:35","slug":"cga-ufficiale-la-nomina-di-giovanni-ardizzone","status":"publish","type":"post","link":"https:\/\/www.messinaoggi.it\/website\/2018\/11\/27\/cga-ufficiale-la-nomina-di-giovanni-ardizzone\/","title":{"rendered":"Cga, ufficiale la designazione di Giovanni Ardizzone"},"content":{"rendered":"<p style=\"text-align: justify;\">Mancava solo l\u2019ufficialit\u00e0. Adesso \u00e8 certo che Giovanni Ardizzone andr\u00e0 ad occupare un posto in seno al Cga. La giunta di governo lo ha, infatti, designato insieme a Nino Caleca al Consiglio di Giustizia Amministrativa<strong>.\u00a0<\/strong><div id=\"div-gpt-ad-Messinaoggi.it-DSK-300x250-corpoart\" style=\"text-align:center;margin:0 auto;\"><\/div><\/p>\n<p style=\"text-align: justify;\">Due erano i posti nell&#8217;organismo per il quale la designazione compete alla giunta. La nomina di Ardizzone, avvocato e presidente dell&#8217;Ars nella scorsa legislatura, era nell&#8217;aria da quest&#8217;estate, ed era stata oggetto di una polemica politica.<div id=\"videoincontent\" style=\"clear:both\";><\/div><\/p>\n<p style=\"text-align: justify;\">Avvocato \u00e8 anche Nino Caleca, penalista ed ex assessore regionale all&#8217;Agricoltura in uno dei governi di Rosario Crocetta.<\/p>\n","protected":false},"excerpt":{"rendered":"<p>Mancava solo l\u2019ufficialit\u00e0. Adesso \u00e8 certo che Giovanni Ardizzone andr\u00e0 ad occupare un posto in seno al Cga. La giunta di governo lo ha, infatti, designato insieme a Nino Caleca al Consiglio di Giustizia Amministrativa.\u00a0 Due erano i posti nell&#8217;organismo per il quale la designazione compete alla giunta. La nomina di Ardizzone, avvocato e presidente [&hellip;]<\/p>\n","protected":false},"author":2,"featured_media":1578,"comment_status":"closed","ping_status":"open","sticky":false,"template":"","format":"standard","meta":{"ub_ctt_via":"","_mi_skip_tracking":false},"categories":[6],"tags":[],"featured_image_src":"https:\/\/www.messinaoggi.it\/website\/wp-content\/uploads\/2017\/06\/Ardizzone-Giovanni-5.jpg","author_info":{"display_name":"Redazione","author_link":"https:\/\/www.messinaoggi.it\/website\/author\/redazione\/"},"digistream_id":0,"digistream":false,"_links":{"self":[{"href":"https:\/\/www.messinaoggi.it\/website\/wp-json\/wp\/v2\/posts\/27179"}],"collection":[{"href":"https:\/\/www.messinaoggi.it\/website\/wp-json\/wp\/v2\/posts"}],"about":[{"href":"https:\/\/www.messinaoggi.it\/website\/wp-json\/wp\/v2\/types\/post"}],"author":[{"embeddable":true,"href":"https:\/\/www.messinaoggi.it\/website\/wp-json\/wp\/v2\/users\/2"}],"replies":[{"embeddable":true,"href":"https:\/\/www.messinaoggi.it\/website\/wp-json\/wp\/v2\/comments?post=27179"}],"version-history":[{"count":0,"href":"https:\/\/www.messinaoggi.it\/website\/wp-json\/wp\/v2\/posts\/27179\/revisions"}],"wp:featuredmedia":[{"embeddable":true,"href":"https:\/\/www.messinaoggi.it\/website\/wp-json\/wp\/v2\/media\/1578"}],"wp:attachment":[{"href":"https:\/\/www.messinaoggi.it\/website\/wp-json\/wp\/v2\/media?parent=27179"}],"wp:term":[{"taxonomy":"category","embeddable":true,"href":"https:\/\/www.messinaoggi.it\/website\/wp-json\/wp\/v2\/categories?post=27179"},{"taxonomy":"post_tag","embeddable":true,"href":"https:\/\/www.messinaoggi.it\/website\/wp-json\/wp\/v2\/tags?post=27179"}],"curies":[{"name":"wp","href":"https:\/\/api.w.org\/{rel}","templated":true}]}}