{"id":27149,"date":"2018-11-27T09:40:18","date_gmt":"2018-11-27T08:40:18","guid":{"rendered":"http:\/\/www.messinaoggi.it\/website\/?p=27149"},"modified":"2018-11-27T09:40:18","modified_gmt":"2018-11-27T08:40:18","slug":"la-fp-cgil-al-sindaco-basta-con-questo-clima-di-odio","status":"publish","type":"post","link":"https:\/\/www.messinaoggi.it\/website\/2018\/11\/27\/la-fp-cgil-al-sindaco-basta-con-questo-clima-di-odio\/","title":{"rendered":"La Fp Cgil al sindaco: &quot;Basta con questo clima di odio&quot;"},"content":{"rendered":"<p style=\"text-align: justify;\">La Funzione Pubblica CGIL dice basta al clima di odio alimentato via social dal sindaco: \u00abE\u2019 il tempo di mettere da parte gli annunci ed avviare una vera stagione di confronto, smettiamola di criminalizzare l\u2019intera platea dei lavoratori\u00bb. E&#8217; un severo richiamo quello della Funzione Pubblica della CGIL, rivolto al primo cittadino. In una nota, il sindacato invita il sindaco a mettere la parola fine al suo clima di odio alimentato attraverso i Social.<div id=\"div-gpt-ad-Messinaoggi.it-DSK-300x250-corpoart\" style=\"text-align:center;margin:0 auto;\"><\/div><\/p>\n<p style=\"text-align: justify;\">\u00abLa violenza verbale diffusa via social continua ad essere il megafono dell\u2019operato dell\u2019Amministrazione targata Cateno De Luca, che in barba a qualsiasi metodo democratico prosegue col lanciare anatemi e minacce, gettando nel caos, pi\u00f9 di quanto gi\u00e0 non lo siano, i lavoratori della Messina Servizi. Lavoratori che in questi giorni, con grandi sacrifici, stanno provando a ridare dignit\u00e0 e decoro alle strade cittadine. \u00abAnzich\u00e9 fare lavorare in serenit\u00e0 e in sicurezza i dipendenti della societ\u00e0 di raccolta rifiuti, individuando interventi, soluzioni e risorse da mettere in campo per fronteggiare la mancanza di mezzi ed attrezzature \u2013 affermano il segretario della FP CGIL Francesco Fucile e il responsabile con delega all\u2019igiene ambientale Carmelo Pino -, il sindaco, un giorno s\u00ec e l&#8217;altro pure, attacca tutto e tutti alimentando un clima di odio che non giova a nessuno tanto meno ai lavoratori ed alla citt\u00e0.<div id=\"videoincontent\" style=\"clear:both\";><\/div><\/p>\n<p style=\"text-align: justify;\">Piuttosto che fare nomi, cognomi e circostanze, di coloro che, a suo dire, si sarebbero resi responsabili di fatti gravissimi, De Luca lancia generiche denunce su FB continuando ad alimentare il clima di odio sociale. La FP CGIL non accetter\u00e0 mai che si possa arrivare a usare i social divulgando conversazioni private. Si tratta della degenerazione dell\u2019intero sistema. Il sindaco individui i veri responsabili della situazione in cui versa la raccolta rifiuti, non usi i social per riconquistare quel consenso che giorno dopo l\u2019altro si assottiglia. Non si pu\u00f2 assistere all\u2019assemblea con i lavoratori di qualche giorno fa, durante la quale De Luca tesse le lodi degli stessi dipendenti a cui si riconoscono i sacrifici fatti, per poi, nel giro di poche ore, gettarli in pasto all\u2019opinione pubblica in maniera generalizzata per quello che sta succedendo, facendoli scortare dalla Polizia Municipale. Si propongano soluzioni concrete e non semplici annunci legati alla volont\u00e0 di \u201ctagliare teste\u201d\u2013 Anzich\u00e9 pensare al domani immaginando la programmazione di un piano industriale comprensivo di mezzi, impianti, attrezzature, l\u2019Amministrazione continua a pensare e parlare di privatizzazione, che in fondo \u00e8 l\u2019unico vero obiettivo da sempre dichiarato; anzich\u00e9 chiedere l\u2019immediata convocazione di un tavolo con le parti sociali, al fine di ragionare insieme su obiettivi fattibili di premialit\u00e0 in tema di produttivit\u00e0, finalizzati anche al raggiungimento di certi risultati, De Luca convoca i lavoratori per prendersi applausi promettendo dieci milioni di euro in premialit\u00e0, rassicurandoli sul fatto che l\u2019azienda rester\u00e0 pubblica e che nessun posto di lavoro \u00e8 a rischio, salvo dichiarare l\u2019esatto opposto dopo un\u2019ora. \u00c8 il momento di dire basta a questa pantomima, evitando soprattutto di continuare a tirare in ballo i dipendenti ponendoli in condizioni di disagio e di fronte a responsabilit\u00e0 che non competono certamente a loro\u00bb.<\/p>\n","protected":false},"excerpt":{"rendered":"<p>La Funzione Pubblica CGIL dice basta al clima di odio alimentato via social dal sindaco: \u00abE\u2019 il tempo di mettere da parte gli annunci ed avviare una vera stagione di confronto, smettiamola di criminalizzare l\u2019intera platea dei lavoratori\u00bb. E&#8217; un severo richiamo quello della Funzione Pubblica della CGIL, rivolto al primo cittadino. In una nota, [&hellip;]<\/p>\n","protected":false},"author":2,"featured_media":27150,"comment_status":"closed","ping_status":"open","sticky":false,"template":"","format":"standard","meta":{"ub_ctt_via":"","_mi_skip_tracking":false},"categories":[19],"tags":[],"featured_image_src":"https:\/\/www.messinaoggi.it\/website\/wp-content\/uploads\/2018\/11\/foto-messinambiente.jpg","author_info":{"display_name":"Redazione","author_link":"https:\/\/www.messinaoggi.it\/website\/author\/redazione\/"},"digistream_id":0,"digistream":false,"_links":{"self":[{"href":"https:\/\/www.messinaoggi.it\/website\/wp-json\/wp\/v2\/posts\/27149"}],"collection":[{"href":"https:\/\/www.messinaoggi.it\/website\/wp-json\/wp\/v2\/posts"}],"about":[{"href":"https:\/\/www.messinaoggi.it\/website\/wp-json\/wp\/v2\/types\/post"}],"author":[{"embeddable":true,"href":"https:\/\/www.messinaoggi.it\/website\/wp-json\/wp\/v2\/users\/2"}],"replies":[{"embeddable":true,"href":"https:\/\/www.messinaoggi.it\/website\/wp-json\/wp\/v2\/comments?post=27149"}],"version-history":[{"count":0,"href":"https:\/\/www.messinaoggi.it\/website\/wp-json\/wp\/v2\/posts\/27149\/revisions"}],"wp:featuredmedia":[{"embeddable":true,"href":"https:\/\/www.messinaoggi.it\/website\/wp-json\/wp\/v2\/media\/27150"}],"wp:attachment":[{"href":"https:\/\/www.messinaoggi.it\/website\/wp-json\/wp\/v2\/media?parent=27149"}],"wp:term":[{"taxonomy":"category","embeddable":true,"href":"https:\/\/www.messinaoggi.it\/website\/wp-json\/wp\/v2\/categories?post=27149"},{"taxonomy":"post_tag","embeddable":true,"href":"https:\/\/www.messinaoggi.it\/website\/wp-json\/wp\/v2\/tags?post=27149"}],"curies":[{"name":"wp","href":"https:\/\/api.w.org\/{rel}","templated":true}]}}