{"id":27128,"date":"2018-11-26T17:01:48","date_gmt":"2018-11-26T16:01:48","guid":{"rendered":"http:\/\/www.messinaoggi.it\/website\/?p=27128"},"modified":"2018-11-26T17:01:48","modified_gmt":"2018-11-26T16:01:48","slug":"teatro-mandanici-prende-il-via-la-formazione-della-nuova-stagione-teatrale-con-la-partecipazione-dei-privati","status":"publish","type":"post","link":"https:\/\/www.messinaoggi.it\/website\/2018\/11\/26\/teatro-mandanici-prende-il-via-la-formazione-della-nuova-stagione-teatrale-con-la-partecipazione-dei-privati\/","title":{"rendered":"Teatro Mandanici: prende il via la formazione della nuova stagione teatrale, con la partecipazione dei privati"},"content":{"rendered":"<p>Dopo le\u00a0 due clamorose stagioni firmate da Sergio Maifredi \u00a0l&#8217;ufficio teatro \u201cPlacido Mandanici\u201d si appresta ora\u00a0 a formare la stagione 2019 (gennaio-giugno \/ ottobre-dicembre), puntando sulla collaborazione tra pubblico e privato.<br \/>\nLa Giunta Comunale ha, infatti, dato mandato al segretario comunale, Lucio Catania, nella qualit\u00e0 di dirigente dell&#8217;Ufficio Teatro, di stabilire \u00a0tutte le iniziative di sua competenza per il possibile coinvolgimento di imprenditori dello spettacolo, nella definizione della stagione teatrale dell\u2019anno 2019 (gennaio-giugno \/ ottobre-dicembre), secondo criteri di trasparenza, efficacia, efficienza ed economicit\u00e0, nel rispetto di quanto previsto dal Regolamento per il funzionamento e la gestione del Teatro comunale \u201cPlacido Mandanici\u201d.<br \/>\nIl segretario ha prontamente predisposto un avviso pubblico con il quale invita gli imprenditori dello spettacolo a formalizzare le loro proposte che, unitamente agli spettacoli acquisiti direttamente dal Comune ed a quelli autoprodotti al termine di laboratori che coinvolgeranno anche\u00a0 artisti locali, costituiranno la stagione 2019.<br \/>\nLe difficolt\u00e0 economiche-finanziarie (che l&#8217;Ente intende superare tramite il piano di riequilibrio pluriennale approvato dal Consiglio Comunale lo scorso 5 novembre) ed il ritardo nell&#8217;approvazione del bilancio di previsione 2018 hanno comportato un ritardo nell&#8217;avvio della terza stagione del teatro \u201cPlacido Mandanici\u201d.<br \/>\nLe prime due stagioni sono state caratterizzata da un grandissimo successo di pubblico (circa ottomila spettatori a stagione) che hanno posto Barcellona Pozzo di Gotto al centro della vita cultura della provincia di Messina e dell&#8217;intera regione.<br \/>\n\u201cLe spese per l\u2019organizzazione e l\u2019allestimento di spettacoli a favore della collettiva rientrano nelle attivit\u00e0 istituzionali degli enti locali \u2013 dichiara il sindaco, Roberto Materia \u2013 L&#8217;attivit\u00e0 del teatro \u00e8 un fattore indispensabile per lo sviluppo della cultura ed elemento di coesione e di identit\u00e0, oltre ad essere un volano per la nostra economia. Il coinvolgimento dei privati, sotto la complessiva gestione\u00a0 del Comune, permetter\u00e0 di avere una stagione teatrale di alto livello, con minori costi per l&#8217;Ente\u201d.<br \/>\nGli spettacoli, che dovranno essere inseriti in circuiti nazionali, verranno selezionati sulla base del\u00a0 bando, visionabile presso il sito istituzionale del comune di Barcellona Pozzo di Gotto.<br \/>\n\u201cGli impresari che vorranno aderire all&#8217;invito del teatro \u201cPlacido Mandanici\u201d &#8211; spiega il segretario comunale, Lucio Catania \u2013 saranno coinvolti in un progetto che tende a valorizzare le eccellenze artistiche, promuovendo la diversit\u00e0 delle espressioni culturali e garantendo l&#8217;utilit\u00e0 sociale dello spettacolo. Gli spettacoli che saranno inseriti nel programma ufficiale del nostro teatro, dovranno avere una rilevanza nazionale. Fermo restando che, osservando le previsioni del regolamento comunale, potranno essere realizzati ulteriori spettacoli, fuori dalla stagione ufficiale\u201d.<br \/>\nQueste le premesse di una stagione teatrale \u00a0che si preannuncia entusiasmante e coinvolgente.<br \/>\n <div id=\"div-gpt-ad-Messinaoggi.it-DSK-300x250-corpoart\" style=\"text-align:center;margin:0 auto;\"><\/div><\/p>\n<div id=\"videoincontent\" style=\"clear:both\";><\/div>","protected":false},"excerpt":{"rendered":"<p>Dopo le\u00a0 due clamorose stagioni firmate da Sergio Maifredi \u00a0l&#8217;ufficio teatro \u201cPlacido Mandanici\u201d si appresta ora\u00a0 a formare la stagione 2019 (gennaio-giugno \/ ottobre-dicembre), puntando sulla collaborazione tra pubblico e privato. La Giunta Comunale ha, infatti, dato mandato al segretario comunale, Lucio Catania, nella qualit\u00e0 di dirigente dell&#8217;Ufficio Teatro, di stabilire \u00a0tutte le iniziative di [&hellip;]<\/p>\n","protected":false},"author":5,"featured_media":544,"comment_status":"closed","ping_status":"open","sticky":false,"template":"","format":"standard","meta":{"ub_ctt_via":"","_mi_skip_tracking":false},"categories":[17],"tags":[],"featured_image_src":"https:\/\/www.messinaoggi.it\/website\/wp-content\/uploads\/2017\/05\/teatro_mandanici_barcellona-750x400-3.jpg","author_info":{"display_name":"Maria Antonella Saia","author_link":"https:\/\/www.messinaoggi.it\/website\/author\/m-saia\/"},"digistream_id":0,"digistream":false,"_links":{"self":[{"href":"https:\/\/www.messinaoggi.it\/website\/wp-json\/wp\/v2\/posts\/27128"}],"collection":[{"href":"https:\/\/www.messinaoggi.it\/website\/wp-json\/wp\/v2\/posts"}],"about":[{"href":"https:\/\/www.messinaoggi.it\/website\/wp-json\/wp\/v2\/types\/post"}],"author":[{"embeddable":true,"href":"https:\/\/www.messinaoggi.it\/website\/wp-json\/wp\/v2\/users\/5"}],"replies":[{"embeddable":true,"href":"https:\/\/www.messinaoggi.it\/website\/wp-json\/wp\/v2\/comments?post=27128"}],"version-history":[{"count":0,"href":"https:\/\/www.messinaoggi.it\/website\/wp-json\/wp\/v2\/posts\/27128\/revisions"}],"wp:featuredmedia":[{"embeddable":true,"href":"https:\/\/www.messinaoggi.it\/website\/wp-json\/wp\/v2\/media\/544"}],"wp:attachment":[{"href":"https:\/\/www.messinaoggi.it\/website\/wp-json\/wp\/v2\/media?parent=27128"}],"wp:term":[{"taxonomy":"category","embeddable":true,"href":"https:\/\/www.messinaoggi.it\/website\/wp-json\/wp\/v2\/categories?post=27128"},{"taxonomy":"post_tag","embeddable":true,"href":"https:\/\/www.messinaoggi.it\/website\/wp-json\/wp\/v2\/tags?post=27128"}],"curies":[{"name":"wp","href":"https:\/\/api.w.org\/{rel}","templated":true}]}}