{"id":27074,"date":"2018-11-24T16:00:26","date_gmt":"2018-11-24T15:00:26","guid":{"rendered":"http:\/\/www.messinaoggi.it\/website\/?p=27074"},"modified":"2018-11-24T16:00:26","modified_gmt":"2018-11-24T15:00:26","slug":"messina-villa-s-giovanni-in-arrivo-nuovi-orari-per-i-collegamenti-marittimi-veloci-di-bluferries","status":"publish","type":"post","link":"https:\/\/www.messinaoggi.it\/website\/2018\/11\/24\/messina-villa-s-giovanni-in-arrivo-nuovi-orari-per-i-collegamenti-marittimi-veloci-di-bluferries\/","title":{"rendered":"Messina-Villa S. Giovanni: nuovi orari per i collegamenti marittimi veloci di Bluferries"},"content":{"rendered":"<p><span style=\"font-family: Arial, sans-serif;\">Buone nuove per tutti quei pendolari che quotidianamente si trovano a dover attraversare lo Stretto: dal 9 dicembre, in coincidenza col cambio orario dell&#8217;offerta commerciale Trenitalia, prenderanno avvio i nuovi orari per i collegamenti marittimi veloci di Bluferries nella tratta Messina-Villa San Giovanni. In particolare, vi saranno pi\u00f9 corse, coincidenze con tutti i treni Alta Velocit\u00e0 sulla sponda Calabrese e un aumento dell&#8217;arco temporale giornaliero del servizio.<\/span><br \/>\n<a href=\"http:\/\/www.messinaoggi.it\/website\/wp-content\/uploads\/2018\/11\/orari-9-dicembre-Bluferries.jpg\"><img loading=\"lazy\" class=\"alignnone size-full wp-image-27076\" src=\"http:\/\/www.messinaoggi.it\/website\/wp-content\/uploads\/2018\/11\/orari-9-dicembre-Bluferries.jpg\" alt=\"\" width=\"640\" height=\"562\" \/><\/a><br \/>\n<span style=\"font-family: Arial, sans-serif;\">&#8220;<em>Finalmente si parte sul serio<\/em> &#8211; esclama con soddisfazione Michele Barresi, segretario generale della Uiltrasporti di Messina &#8211;<em> \u00e8 un primo ma significativo incremento\u00a0 delle corse giornaliere tra le due sponde dello stretto che questo sindacato sollecita da tempo. Sono solo due le corse in pi\u00f9 che si aggiungono in questa fase,\u00a0ma la rimodulazione degli orari prevede anche utili coincidenze con tutti i treni Alta Velocit\u00e0 sulla sponda Calabrese e finalmente anche con il treno Freccia Argento 8353 in arrivo alle 22 a Villa San Giovanni i cui passeggeri\u00a0 troveranno, dopo anni di disagi, finalmente la continuit\u00e0 territoriale con il mezzo veloce della flotta pubblica.<\/em><\/span><br \/>\n<span style=\"font-family: Arial, sans-serif;\">&#8220;<em>Positivo \u00e8 anche l&#8217;aumento dell&#8217;arco temporale giornaliero del servizio che si estende dalle 06:20 alle 22:40, con l&#8217;introduzione di una nuova corsa in partenza da Messina alle ore 21 e non pi\u00f9 alle 19:30 come previsto ad\u00a0oggi.\u00a0<\/em><br \/>\n<em>Si deve fare certamente di pi\u00f9 in termini quantitativi per incrementare l&#8217;offerta<\/em> &#8211; continua il sindacato &#8211;<em> ma \u00e8 gi\u00e0 un primo passo in avanti verso una migliore e pi\u00f9 efficiente mobilit\u00e0 nello stretto a cui auspichiamo si dar\u00e0 una accelerazione definitiva quando andr\u00e0 a regime la futura societ\u00e0 Blujet che rilever\u00e0 il servizio dal prossimo 1 gennaio. L&#8217;arrivo della nuova nave Trinacria nella flotta Rfi Bluferries ed il rilancio progressivo del servizio di traghettamento veloce con la nascita di Blujet rappresentano dal Gruppo Fs finalmente segnali positivi per\u00a0 utenza e livelli occupazionali di personale marittimo e dell&#8217;indotto messinese, di certo in controtendenza con l&#8217;inesorabile dismissione negli anni di numerose attivit\u00e0.<\/em> <\/span><br \/>\n<span style=\"font-family: Arial, sans-serif;\">&#8220;<em>Resta nel comparto la ferita aperta della problematica occupazionale dei 72 lavoratori della societ\u00e0 privata Liberty Lines<\/em> &#8211; conclude il sindacato &#8211;<em> legata al servizio gemello di traghettamento da Messina a Reggio Calabria per il quale rinnoviamo al Ministero la richiesta di interventi e soluzioni urgenti prima che scattino i licenziamenti definitivi delle maestranze<\/em>&#8220;.<\/span><div id=\"div-gpt-ad-Messinaoggi.it-DSK-300x250-corpoart\" style=\"text-align:center;margin:0 auto;\"><\/div><\/p>\n<div id=\"videoincontent\" style=\"clear:both\";><\/div>","protected":false},"excerpt":{"rendered":"<p>Buone nuove per tutti quei pendolari che quotidianamente si trovano a dover attraversare lo Stretto: dal 9 dicembre, in coincidenza col cambio orario dell&#8217;offerta commerciale Trenitalia, prenderanno avvio i nuovi orari per i collegamenti marittimi veloci di Bluferries nella tratta Messina-Villa San Giovanni. In particolare, vi saranno pi\u00f9 corse, coincidenze con tutti i treni Alta [&hellip;]<\/p>\n","protected":false},"author":8,"featured_media":24304,"comment_status":"closed","ping_status":"open","sticky":false,"template":"","format":"standard","meta":{"ub_ctt_via":"","_mi_skip_tracking":false},"categories":[5],"tags":[],"featured_image_src":"https:\/\/www.messinaoggi.it\/website\/wp-content\/uploads\/2018\/09\/Aliscafo-Bluferries-Tindari-Jet-messinaoggiMarcyRuggi.jpg","author_info":{"display_name":"red..me","author_link":"https:\/\/www.messinaoggi.it\/website\/author\/redstage\/"},"digistream_id":0,"digistream":false,"_links":{"self":[{"href":"https:\/\/www.messinaoggi.it\/website\/wp-json\/wp\/v2\/posts\/27074"}],"collection":[{"href":"https:\/\/www.messinaoggi.it\/website\/wp-json\/wp\/v2\/posts"}],"about":[{"href":"https:\/\/www.messinaoggi.it\/website\/wp-json\/wp\/v2\/types\/post"}],"author":[{"embeddable":true,"href":"https:\/\/www.messinaoggi.it\/website\/wp-json\/wp\/v2\/users\/8"}],"replies":[{"embeddable":true,"href":"https:\/\/www.messinaoggi.it\/website\/wp-json\/wp\/v2\/comments?post=27074"}],"version-history":[{"count":0,"href":"https:\/\/www.messinaoggi.it\/website\/wp-json\/wp\/v2\/posts\/27074\/revisions"}],"wp:featuredmedia":[{"embeddable":true,"href":"https:\/\/www.messinaoggi.it\/website\/wp-json\/wp\/v2\/media\/24304"}],"wp:attachment":[{"href":"https:\/\/www.messinaoggi.it\/website\/wp-json\/wp\/v2\/media?parent=27074"}],"wp:term":[{"taxonomy":"category","embeddable":true,"href":"https:\/\/www.messinaoggi.it\/website\/wp-json\/wp\/v2\/categories?post=27074"},{"taxonomy":"post_tag","embeddable":true,"href":"https:\/\/www.messinaoggi.it\/website\/wp-json\/wp\/v2\/tags?post=27074"}],"curies":[{"name":"wp","href":"https:\/\/api.w.org\/{rel}","templated":true}]}}