{"id":27069,"date":"2018-11-24T10:22:21","date_gmt":"2018-11-24T09:22:21","guid":{"rendered":"http:\/\/www.messinaoggi.it\/website\/?p=27069"},"modified":"2018-11-24T10:22:21","modified_gmt":"2018-11-24T09:22:21","slug":"lesioni-allex-convivente-52enne-finisce-ai-domiciliari","status":"publish","type":"post","link":"https:\/\/www.messinaoggi.it\/website\/2018\/11\/24\/lesioni-allex-convivente-52enne-finisce-ai-domiciliari\/","title":{"rendered":"Lesioni all&#039;ex convivente, 52enne finisce ai domiciliari"},"content":{"rendered":"<p><span style=\"font-family: Arial, sans-serif\"><span style=\"font-size: medium\">\u00c8 stato condannato per il reato di lesioni personali procurate all\u2019ex convivente nel 2014 un 52enne gi\u00e0 noto alle forze dell&#8217;ordine, tale F. A., motivo per cui si \u00e8 proceduto con l&#8217;esecuzione di un ordine di carcerazione emesso nei suoi confronti dalla Procura della Repubblica presso il Tribunale.<\/span><\/span><br \/>\n<span style=\"font-family: Arial, sans-serif\"><span style=\"font-size: medium\">Ad eseguire l&#8217;ordine di carcerazione i Carabinieri della Stazione di Bordonaro, i quali hanno trovato l&#8217;uomo presso la propria abitazione e, dunque, arrestato. <\/span><\/span><br \/>\n<span style=\"font-family: Arial, sans-serif\"><span style=\"font-size: medium\">L\u2019uomo, su disposizione dell\u2019autorit\u00e0 giudiziaria, \u00e8 stato sottoposto misura della detenzione domiciliare e dovr\u00e0 espiare la pena residua di 4 mesi e 20 giorni di reclusione.<\/span><\/span><div id=\"div-gpt-ad-Messinaoggi.it-DSK-300x250-corpoart\" style=\"text-align:center;margin:0 auto;\"><\/div><\/p>\n<div id=\"videoincontent\" style=\"clear:both\";><\/div>","protected":false},"excerpt":{"rendered":"<p>\u00c8 stato condannato per il reato di lesioni personali procurate all\u2019ex convivente nel 2014 un 52enne gi\u00e0 noto alle forze dell&#8217;ordine, tale F. A., motivo per cui si \u00e8 proceduto con l&#8217;esecuzione di un ordine di carcerazione emesso nei suoi confronti dalla Procura della Repubblica presso il Tribunale. Ad eseguire l&#8217;ordine di carcerazione i Carabinieri [&hellip;]<\/p>\n","protected":false},"author":8,"featured_media":26893,"comment_status":"closed","ping_status":"open","sticky":false,"template":"","format":"standard","meta":{"ub_ctt_via":"","_mi_skip_tracking":false},"categories":[5],"tags":[],"featured_image_src":"https:\/\/www.messinaoggi.it\/website\/wp-content\/uploads\/2018\/11\/voltante-cc-carabinieri-2.jpg","author_info":{"display_name":"red..me","author_link":"https:\/\/www.messinaoggi.it\/website\/author\/redstage\/"},"digistream_id":0,"digistream":false,"_links":{"self":[{"href":"https:\/\/www.messinaoggi.it\/website\/wp-json\/wp\/v2\/posts\/27069"}],"collection":[{"href":"https:\/\/www.messinaoggi.it\/website\/wp-json\/wp\/v2\/posts"}],"about":[{"href":"https:\/\/www.messinaoggi.it\/website\/wp-json\/wp\/v2\/types\/post"}],"author":[{"embeddable":true,"href":"https:\/\/www.messinaoggi.it\/website\/wp-json\/wp\/v2\/users\/8"}],"replies":[{"embeddable":true,"href":"https:\/\/www.messinaoggi.it\/website\/wp-json\/wp\/v2\/comments?post=27069"}],"version-history":[{"count":0,"href":"https:\/\/www.messinaoggi.it\/website\/wp-json\/wp\/v2\/posts\/27069\/revisions"}],"wp:featuredmedia":[{"embeddable":true,"href":"https:\/\/www.messinaoggi.it\/website\/wp-json\/wp\/v2\/media\/26893"}],"wp:attachment":[{"href":"https:\/\/www.messinaoggi.it\/website\/wp-json\/wp\/v2\/media?parent=27069"}],"wp:term":[{"taxonomy":"category","embeddable":true,"href":"https:\/\/www.messinaoggi.it\/website\/wp-json\/wp\/v2\/categories?post=27069"},{"taxonomy":"post_tag","embeddable":true,"href":"https:\/\/www.messinaoggi.it\/website\/wp-json\/wp\/v2\/tags?post=27069"}],"curies":[{"name":"wp","href":"https:\/\/api.w.org\/{rel}","templated":true}]}}