{"id":26980,"date":"2018-11-21T18:51:30","date_gmt":"2018-11-21T17:51:30","guid":{"rendered":"http:\/\/www.messinaoggi.it\/website\/?p=26980"},"modified":"2018-11-21T18:51:30","modified_gmt":"2018-11-21T17:51:30","slug":"unime-domani-la-presentazione-dellassociazione-sud","status":"publish","type":"post","link":"https:\/\/www.messinaoggi.it\/website\/2018\/11\/21\/unime-domani-la-presentazione-dellassociazione-sud\/","title":{"rendered":"Unime, domani la presentazione dell&#039;Associazione SUD"},"content":{"rendered":"<p><span style=\"color: #000000\">\u201c<span style=\"font-family: Arial, sans-serif\"><span style=\"font-size: medium\"><i>La dimensione universitaria \u00e8 il nostro punto di contatto, ma il nostro impegno si rivolger\u00e0 a tutta la societ\u00e0 civile, sconfinando oltre il perimetro accademico. Un presupposto imprescindibile per un gruppo di giovani che crede nella citt\u00e0 di Messina e che ritiene di dover contribuire alla nascita di un processo virtuoso per la nostra comunit\u00e0<\/i>\u201d. Cos\u00ec si presenta sulla propria pagina Facebook l&#8217;Associazione S.U.D., la nuova associazione universitaria il cui acronimo sta per Studenti Universitari Democratici. In particolare, alle 16 e 30 di domani, gioved\u00ec 22 novembre, si terr\u00e0 presso l&#8217;aula \u201cG. Silvestri\u201d del dipartimento di Giurisprudenza la relativa conferenza di presentazione.<\/span><\/span><\/span><br \/>\n<span style=\"color: #000000\"><span style=\"font-family: Arial, sans-serif\"><span style=\"font-size: medium\">Durante l\u2019incontro interverranno vari componenti del direttivo dell\u2019associazione che punta ad un impegno trasversale sul territorio, con l\u2019obiettivo di contribuire alla costruzione di un processo virtuoso per tutta la comunit\u00e0 messinese.<\/span><\/span><\/span><div id=\"div-gpt-ad-Messinaoggi.it-DSK-300x250-corpoart\" style=\"text-align:center;margin:0 auto;\"><\/div><\/p>\n<div id=\"videoincontent\" style=\"clear:both\";><\/div>","protected":false},"excerpt":{"rendered":"<p>\u201cLa dimensione universitaria \u00e8 il nostro punto di contatto, ma il nostro impegno si rivolger\u00e0 a tutta la societ\u00e0 civile, sconfinando oltre il perimetro accademico. Un presupposto imprescindibile per un gruppo di giovani che crede nella citt\u00e0 di Messina e che ritiene di dover contribuire alla nascita di un processo virtuoso per la nostra comunit\u00e0\u201d. [&hellip;]<\/p>\n","protected":false},"author":8,"featured_media":26981,"comment_status":"closed","ping_status":"open","sticky":false,"template":"","format":"standard","meta":{"ub_ctt_via":"","_mi_skip_tracking":false},"categories":[7],"tags":[],"featured_image_src":"https:\/\/www.messinaoggi.it\/website\/wp-content\/uploads\/2018\/11\/logo-associazione-universitaria-sud.jpeg","author_info":{"display_name":"red..me","author_link":"https:\/\/www.messinaoggi.it\/website\/author\/redstage\/"},"digistream_id":0,"digistream":false,"_links":{"self":[{"href":"https:\/\/www.messinaoggi.it\/website\/wp-json\/wp\/v2\/posts\/26980"}],"collection":[{"href":"https:\/\/www.messinaoggi.it\/website\/wp-json\/wp\/v2\/posts"}],"about":[{"href":"https:\/\/www.messinaoggi.it\/website\/wp-json\/wp\/v2\/types\/post"}],"author":[{"embeddable":true,"href":"https:\/\/www.messinaoggi.it\/website\/wp-json\/wp\/v2\/users\/8"}],"replies":[{"embeddable":true,"href":"https:\/\/www.messinaoggi.it\/website\/wp-json\/wp\/v2\/comments?post=26980"}],"version-history":[{"count":0,"href":"https:\/\/www.messinaoggi.it\/website\/wp-json\/wp\/v2\/posts\/26980\/revisions"}],"wp:featuredmedia":[{"embeddable":true,"href":"https:\/\/www.messinaoggi.it\/website\/wp-json\/wp\/v2\/media\/26981"}],"wp:attachment":[{"href":"https:\/\/www.messinaoggi.it\/website\/wp-json\/wp\/v2\/media?parent=26980"}],"wp:term":[{"taxonomy":"category","embeddable":true,"href":"https:\/\/www.messinaoggi.it\/website\/wp-json\/wp\/v2\/categories?post=26980"},{"taxonomy":"post_tag","embeddable":true,"href":"https:\/\/www.messinaoggi.it\/website\/wp-json\/wp\/v2\/tags?post=26980"}],"curies":[{"name":"wp","href":"https:\/\/api.w.org\/{rel}","templated":true}]}}