{"id":26955,"date":"2018-11-20T18:35:16","date_gmt":"2018-11-20T17:35:16","guid":{"rendered":"http:\/\/www.messinaoggi.it\/website\/?p=26955"},"modified":"2018-11-20T18:35:16","modified_gmt":"2018-11-20T17:35:16","slug":"locali-fracassoni-lassessore-musolino-convoca-vertice-su-movida","status":"publish","type":"post","link":"https:\/\/www.messinaoggi.it\/website\/2018\/11\/20\/locali-fracassoni-lassessore-musolino-convoca-vertice-su-movida\/","title":{"rendered":"Locali fracassoni: l&#039;assessore Musolino convoca vertice su Movida"},"content":{"rendered":"<p class=\"p1\" style=\"text-align: justify;\"><span class=\"s1\">Su proposta dell\u2019assessore con delega alle Attivit\u00e0 Produttive Dafne Musolino si \u00e8 svolto ieri un tavolo tecnico riguardante le criticit\u00e0 del centro storico in relazione alla movida notturna. All\u2019incontro, che segue quello gi\u00e0 tenutosi lo scorso 3 novembre, hanno partecipato il vicesindaco Salvatore Mondello, il comandante facente funzioni del Corpo di Polizia municipale Marco Crisafulli, insieme al commissario Enrico Adige; Roberto Lombardo in sostituzione del comandante del Corpo di Polizia metropolitana; Benny Bonaffini di Confesercenti; Domenico Anna presidente A.L.C.E.S.; Carmelo Picciotto, presidente di Confcommercio; Alessandro Allegra di Confartigianato; e Antonio Giannetto vicepresidente IV circoscrizione, insieme al consigliere Renato Coletta. <\/span><div id=\"div-gpt-ad-Messinaoggi.it-DSK-300x250-corpoart\" style=\"text-align:center;margin:0 auto;\"><\/div><\/p>\n<p class=\"p1\" style=\"text-align: justify;\"><span class=\"s1\">Le associazioni di categoria hanno formulato la loro proposta per giungere all\u2019elaborazione di un codice di autoregolamentazione dei titolari di attivit\u00e0 del centro storico relativamente alla somministrazione di alimenti e bevande. \u201cDopo un ampio confronto, al quale hanno preso parte anche alcuni residenti, \u2013 ha dichiarato l\u2019assessore Musolino \u2013 si \u00e8 giunti all\u2019elaborazione di una proposta finalizzata alla disciplina delle attivit\u00e0 del centro storico articolata nel modo seguente: luned\u00ec e mercoled\u00ec si prevede di non fare intrattenimento musicale all\u2019aperto, marted\u00ec e giovedi consentire la musica sino alle ore 23, venerd\u00ec e sabato sino a mezzanotte e trenta, la domenica sino alle ore 23, concedendo sempre una tolleranza di circa quindici minuti per consentire il deflusso degli avventori.\u00a0 <\/span><div id=\"videoincontent\" style=\"clear:both\";><\/div><\/p>\n<p class=\"p1\" style=\"text-align: justify;\"><span class=\"s1\">Le associazioni di categoria si sono altres\u00ec impegnate al rispetto delle seguenti regole: non distribuire pi\u00f9 le bevande da asporto in vetro, pulire le aree limitrofe alle loro attivit\u00e0, affiggere dei cartelli nei locali per comunicare a tutti l\u2019orario in cui \u00e8 consentita la musica, l\u2019impegno al rispetto della raccolta differenziata, provvedendo a dotarsi autonomamente dei bidoni carrellati. Si \u00e8 raggiunta anche un\u2019intesa con l\u2019Amminiastrazione comunale sull\u2019opportunit\u00e0 di avviare una campagna di sensibilizzazione sulle conseguenze del consumo dell\u2019alcool oltre i limiti previsti e sulla necessit\u00e0 di incoraggiare il ricorso alla sosta a pagamento nei parcheggi adibiti a tale servizio, prevedendo un rimborso sul ticket utilizzato per la consumazione.<\/span><\/p>\n<p class=\"p1\" style=\"text-align: justify;\"><span class=\"s1\"> L\u2019Amministrazione si \u00e8 impegnata dal suo canto a garantire un tavolo permanente di confronto con le associazioni di categoria per lo sviluppo economico e sostenibile ed elaborare un regolamento che premi le attivit\u00e0 virtuose che rispetteranno le regole, con una finalit\u00e0 deflattiva dell\u2019inossservanza delle regole cos\u00ec condivise. Su tale proposta anche i residenti hanno espresso un favorevole apprezzamento, specificando che per la prima volta hanno interloquito con un\u2019Amministrazione comunale che si \u00e8 fatta interprete delle loro esigenze\u201d. Il tavolo \u00e8 stato aggiornato alla prossima settimana per consentire alle associazioni di categoria di confrontarsi con i loro iscritti e raggiungere una totale condivisione sul codice di autoregolamentazione discusso ieri.<\/span><\/p>\n","protected":false},"excerpt":{"rendered":"<p>Su proposta dell\u2019assessore con delega alle Attivit\u00e0 Produttive Dafne Musolino si \u00e8 svolto ieri un tavolo tecnico riguardante le criticit\u00e0 del centro storico in relazione alla movida notturna. All\u2019incontro, che segue quello gi\u00e0 tenutosi lo scorso 3 novembre, hanno partecipato il vicesindaco Salvatore Mondello, il comandante facente funzioni del Corpo di Polizia municipale Marco Crisafulli, [&hellip;]<\/p>\n","protected":false},"author":2,"featured_media":6440,"comment_status":"closed","ping_status":"open","sticky":false,"template":"","format":"standard","meta":{"ub_ctt_via":"","_mi_skip_tracking":false},"categories":[5],"tags":[],"featured_image_src":"https:\/\/www.messinaoggi.it\/website\/wp-content\/uploads\/2017\/08\/Piazza-Duomo-deserto-2.jpg","author_info":{"display_name":"Redazione","author_link":"https:\/\/www.messinaoggi.it\/website\/author\/redazione\/"},"digistream_id":0,"digistream":false,"_links":{"self":[{"href":"https:\/\/www.messinaoggi.it\/website\/wp-json\/wp\/v2\/posts\/26955"}],"collection":[{"href":"https:\/\/www.messinaoggi.it\/website\/wp-json\/wp\/v2\/posts"}],"about":[{"href":"https:\/\/www.messinaoggi.it\/website\/wp-json\/wp\/v2\/types\/post"}],"author":[{"embeddable":true,"href":"https:\/\/www.messinaoggi.it\/website\/wp-json\/wp\/v2\/users\/2"}],"replies":[{"embeddable":true,"href":"https:\/\/www.messinaoggi.it\/website\/wp-json\/wp\/v2\/comments?post=26955"}],"version-history":[{"count":0,"href":"https:\/\/www.messinaoggi.it\/website\/wp-json\/wp\/v2\/posts\/26955\/revisions"}],"wp:featuredmedia":[{"embeddable":true,"href":"https:\/\/www.messinaoggi.it\/website\/wp-json\/wp\/v2\/media\/6440"}],"wp:attachment":[{"href":"https:\/\/www.messinaoggi.it\/website\/wp-json\/wp\/v2\/media?parent=26955"}],"wp:term":[{"taxonomy":"category","embeddable":true,"href":"https:\/\/www.messinaoggi.it\/website\/wp-json\/wp\/v2\/categories?post=26955"},{"taxonomy":"post_tag","embeddable":true,"href":"https:\/\/www.messinaoggi.it\/website\/wp-json\/wp\/v2\/tags?post=26955"}],"curies":[{"name":"wp","href":"https:\/\/api.w.org\/{rel}","templated":true}]}}