{"id":26954,"date":"2018-11-20T18:33:23","date_gmt":"2018-11-20T17:33:23","guid":{"rendered":"http:\/\/www.messinaoggi.it\/website\/?p=26954"},"modified":"2018-11-20T18:33:23","modified_gmt":"2018-11-20T17:33:23","slug":"starvaggi-pd-a-de-luca-non-firmiamo-cambiali-in-bianco","status":"publish","type":"post","link":"https:\/\/www.messinaoggi.it\/website\/2018\/11\/20\/starvaggi-pd-a-de-luca-non-firmiamo-cambiali-in-bianco\/","title":{"rendered":"Starvaggi (Pd) a De Luca: &quot;Non firmiamo cambiali in bianco&quot;"},"content":{"rendered":"<p class=\"p1\"><span class=\"s1\">\u201cNon firmiamo cambiali in bianco, e pretendiamo che scelte politiche non vengano fatte passare, di fronte agli occhi dell\u2019opinione pubblica, come necessit\u00e0 amministrative\u201d. Cos\u00ec il segretario provinciale del Pd, Paolo Starvaggi, commenta le delibere propedeutiche al piano di riequilibrio presentate dall\u2019amministrazione guidata da Cateno De Luca, oggi in discussione in consiglio comunale&#8221;. Lo scrive in una nota il segretario provinciale del Pd, Paolo Starvaggi.<\/span><span class=\"s1\">\u00a0<\/span><div id=\"div-gpt-ad-Messinaoggi.it-DSK-300x250-corpoart\" style=\"text-align:center;margin:0 auto;\"><\/div><\/p>\n<p class=\"p1\"><span class=\"s1\">\u201cSi parla da quasi due mesi di \u201cSalva Messina\u201d, se ne \u00e8 discusso in ogni sede, \u00e8 stato votato un ordine del giorno in Consiglio comunale, e il piano che viene presentato oggi \u00e8 del tutto differente da quello votato dall\u2019Aula. Ci chiediamo come mai il sindaco abbia dimostrato tutta questa solerzia nell\u2019analizzare, cesellare e infine partorire il piano di riequilibrio con sindacati e parti sociali, senza averlo invece mai condiviso con l\u2019organo decisore, che \u00e8 il consiglio comunale, e con i quartieri, che devono rilasciare un parere che, seppure non vincolante, \u00e8 comunque obbligatorio. Forse che il civico consesso, che lo ricordiamo rappresenta la volont\u00e0 dell\u2019elettorato messinese, non ha pari diritto che gli atti che deve votare con responsabilit\u00e0 non solo nei confronti della citt\u00e0, ma anche della legge, gli siano messi a disposizione per tempo?\u201d, domanda in maniera retorica Starvaggi.<\/span><div id=\"videoincontent\" style=\"clear:both\";><\/div><\/p>\n<p class=\"p1\"><span class=\"s1\">\u201cI consiglieri comunali si sono ritrovati con una lunga serie di delibere di indirizzo e presa d\u2019atto che nulla hanno a che vedere con il piano di riequilibrio, e viceversa altre con le quali si costituiscono due nuove partecipate, se ne mette in liquidazione una terza, si crea una nuova azienda, e si aprono le maglie per il pi\u00f9 grosso condono occupazionale della storia di Messina, senza avere la possibilit\u00e0 di studiare approfonditamente tutte le implicazioni, anche di carattere economico, che vincolano il Comune e la citt\u00e0. <\/span><\/p>\n<p class=\"p1\"><span class=\"s1\">Ovviamente \u2013 commenta il segretario provinciale del Pd \u2013 un\u2019amministrazione ha ampia facolt\u00e0, se non il dovere, di proporre le sue scelte politiche. Quello che non pu\u00f2 fare \u2013 conclude \u2013 \u00e8 imporle come scelte obbligate per l&#8217;approvazione del piano di riequilibrio, quando \u00e8 palese che non lo sono\u201d.<\/span><\/p>\n","protected":false},"excerpt":{"rendered":"<p>\u201cNon firmiamo cambiali in bianco, e pretendiamo che scelte politiche non vengano fatte passare, di fronte agli occhi dell\u2019opinione pubblica, come necessit\u00e0 amministrative\u201d. Cos\u00ec il segretario provinciale del Pd, Paolo Starvaggi, commenta le delibere propedeutiche al piano di riequilibrio presentate dall\u2019amministrazione guidata da Cateno De Luca, oggi in discussione in consiglio comunale&#8221;. Lo scrive in [&hellip;]<\/p>\n","protected":false},"author":2,"featured_media":14897,"comment_status":"closed","ping_status":"open","sticky":false,"template":"","format":"standard","meta":{"ub_ctt_via":"","_mi_skip_tracking":false},"categories":[4],"tags":[],"featured_image_src":"https:\/\/www.messinaoggi.it\/website\/wp-content\/uploads\/2018\/01\/Starvaggi-Paolo-durante-intervista-con-Marcella-Ruggeri-1.jpg","author_info":{"display_name":"Redazione","author_link":"https:\/\/www.messinaoggi.it\/website\/author\/redazione\/"},"digistream_id":0,"digistream":false,"_links":{"self":[{"href":"https:\/\/www.messinaoggi.it\/website\/wp-json\/wp\/v2\/posts\/26954"}],"collection":[{"href":"https:\/\/www.messinaoggi.it\/website\/wp-json\/wp\/v2\/posts"}],"about":[{"href":"https:\/\/www.messinaoggi.it\/website\/wp-json\/wp\/v2\/types\/post"}],"author":[{"embeddable":true,"href":"https:\/\/www.messinaoggi.it\/website\/wp-json\/wp\/v2\/users\/2"}],"replies":[{"embeddable":true,"href":"https:\/\/www.messinaoggi.it\/website\/wp-json\/wp\/v2\/comments?post=26954"}],"version-history":[{"count":0,"href":"https:\/\/www.messinaoggi.it\/website\/wp-json\/wp\/v2\/posts\/26954\/revisions"}],"wp:featuredmedia":[{"embeddable":true,"href":"https:\/\/www.messinaoggi.it\/website\/wp-json\/wp\/v2\/media\/14897"}],"wp:attachment":[{"href":"https:\/\/www.messinaoggi.it\/website\/wp-json\/wp\/v2\/media?parent=26954"}],"wp:term":[{"taxonomy":"category","embeddable":true,"href":"https:\/\/www.messinaoggi.it\/website\/wp-json\/wp\/v2\/categories?post=26954"},{"taxonomy":"post_tag","embeddable":true,"href":"https:\/\/www.messinaoggi.it\/website\/wp-json\/wp\/v2\/tags?post=26954"}],"curies":[{"name":"wp","href":"https:\/\/api.w.org\/{rel}","templated":true}]}}