{"id":26953,"date":"2018-11-20T18:31:32","date_gmt":"2018-11-20T17:31:32","guid":{"rendered":"http:\/\/www.messinaoggi.it\/website\/?p=26953"},"modified":"2018-11-20T18:31:32","modified_gmt":"2018-11-20T17:31:32","slug":"scontro-auto-moto-centauro-in-fin-di-vita","status":"publish","type":"post","link":"https:\/\/www.messinaoggi.it\/website\/2018\/11\/20\/scontro-auto-moto-centauro-in-fin-di-vita\/","title":{"rendered":"Scontro auto-moto: centauro in fin di vita"},"content":{"rendered":"<p style=\"text-align: justify;\">Tremendo scontro nel pomeriggio in viale Europa, all&#8217;angolo con via Risorgimento. Una moto &#8220;Honda&#8221; e una &#8220;Renault Kangoo&#8221; si sono scontrati violentemente, il centauro che indossava il casco \u00e8 finito sul parabrezza del mezzo.<div id=\"div-gpt-ad-Messinaoggi.it-DSK-300x250-corpoart\" style=\"text-align:center;margin:0 auto;\"><\/div><\/p>\n<p style=\"text-align: justify;\"><img loading=\"lazy\" class=\"size-medium wp-image-26950 alignleft\" src=\"http:\/\/www.messinaoggi.it\/website\/wp-content\/uploads\/2018\/11\/E17DCAB4-5949-4F0B-AD94-61DBB77B56AE-300x200.jpeg\" alt=\"\" width=\"300\" height=\"200\" \/>Ad avere la peggio \u00e8 stato il motociclista, il quale \u00e8 stato trasportato al Pronto soccorso del Policlinico in condizioni piuttosto gravi.<div id=\"videoincontent\" style=\"clear:both\";><\/div><\/p>\n<p style=\"text-align: justify;\">L&#8217;uomo ha riportato un violento trauma cranico e le fratture di alcuni arti: le sue condizioni vengono definite serie dai sanitari, tant&#8217;\u00e8 che si sono riservati la prognosi.<\/p>\n<p>I vigili urbani della Sezione infortunistica stanno tentando di ricostruire la dinamica dell&#8217;incidente, anche se vi \u00e8 il sospetto che alla base dello scontro vi sia la mancata precedenza di uno dei due mezzi.<br \/>\n<img loading=\"lazy\" class=\"size-medium wp-image-26952 alignright\" src=\"http:\/\/www.messinaoggi.it\/website\/wp-content\/uploads\/2018\/11\/4B37C20D-92F1-42FA-B14D-63143E3A043E-300x200.jpeg\" alt=\"\" width=\"300\" height=\"200\" \/><br \/>\nI &#8220;caschi bianchi&#8221; hanno anche sentito alcuni testimoni presenti sul posto al momento dell&#8217;impatto.\u00a0 A prestare i primi soccorsi al centauro, un 41enne messine (D.L.S., sono le iniziali), sono stati alcuni automobilisti. Le condizioni dell&#8217;uomo sono apparse subito gravio ai sanitari del 118 accorsi sul posto nel giro di pochi minuti.<\/p>\n","protected":false},"excerpt":{"rendered":"<p>Tremendo scontro nel pomeriggio in viale Europa, all&#8217;angolo con via Risorgimento. Una moto &#8220;Honda&#8221; e una &#8220;Renault Kangoo&#8221; si sono scontrati violentemente, il centauro che indossava il casco \u00e8 finito sul parabrezza del mezzo. Ad avere la peggio \u00e8 stato il motociclista, il quale \u00e8 stato trasportato al Pronto soccorso del Policlinico in condizioni piuttosto [&hellip;]<\/p>\n","protected":false},"author":2,"featured_media":26951,"comment_status":"closed","ping_status":"open","sticky":false,"template":"","format":"standard","meta":{"ub_ctt_via":"","_mi_skip_tracking":false},"categories":[19],"tags":[],"featured_image_src":"https:\/\/www.messinaoggi.it\/website\/wp-content\/uploads\/2018\/11\/EA475D5B-D5AD-43C1-B028-52C532305C8C.jpeg","author_info":{"display_name":"Redazione","author_link":"https:\/\/www.messinaoggi.it\/website\/author\/redazione\/"},"digistream_id":0,"digistream":false,"_links":{"self":[{"href":"https:\/\/www.messinaoggi.it\/website\/wp-json\/wp\/v2\/posts\/26953"}],"collection":[{"href":"https:\/\/www.messinaoggi.it\/website\/wp-json\/wp\/v2\/posts"}],"about":[{"href":"https:\/\/www.messinaoggi.it\/website\/wp-json\/wp\/v2\/types\/post"}],"author":[{"embeddable":true,"href":"https:\/\/www.messinaoggi.it\/website\/wp-json\/wp\/v2\/users\/2"}],"replies":[{"embeddable":true,"href":"https:\/\/www.messinaoggi.it\/website\/wp-json\/wp\/v2\/comments?post=26953"}],"version-history":[{"count":0,"href":"https:\/\/www.messinaoggi.it\/website\/wp-json\/wp\/v2\/posts\/26953\/revisions"}],"wp:featuredmedia":[{"embeddable":true,"href":"https:\/\/www.messinaoggi.it\/website\/wp-json\/wp\/v2\/media\/26951"}],"wp:attachment":[{"href":"https:\/\/www.messinaoggi.it\/website\/wp-json\/wp\/v2\/media?parent=26953"}],"wp:term":[{"taxonomy":"category","embeddable":true,"href":"https:\/\/www.messinaoggi.it\/website\/wp-json\/wp\/v2\/categories?post=26953"},{"taxonomy":"post_tag","embeddable":true,"href":"https:\/\/www.messinaoggi.it\/website\/wp-json\/wp\/v2\/tags?post=26953"}],"curies":[{"name":"wp","href":"https:\/\/api.w.org\/{rel}","templated":true}]}}