{"id":26910,"date":"2018-11-19T16:14:37","date_gmt":"2018-11-19T15:14:37","guid":{"rendered":"http:\/\/www.messinaoggi.it\/website\/?p=26910"},"modified":"2018-11-19T16:14:37","modified_gmt":"2018-11-19T15:14:37","slug":"risanamento-riunione-operative-a-palazzo-zanca-per-allacci-utenze","status":"publish","type":"post","link":"https:\/\/www.messinaoggi.it\/website\/2018\/11\/19\/risanamento-riunione-operative-a-palazzo-zanca-per-allacci-utenze\/","title":{"rendered":"Risanamento, riunione operative a Palazzo Zanca per allacci utenze"},"content":{"rendered":"<p class=\"p1\"><span class=\"s1\">Alla presenza del vicesindaco Salvatore Mondello e del presidente di A.RIS.ME. Marcello Scurria, si \u00e8 tenuta oggi a Palazzo Zanca l\u2019ultima conferenza di servizi relativa al risanamento per l\u2019allaccio delle utenze alle 50 nuove abitazioni del villaggio Matteotti all\u2019Annunziata. Al tavolo tecnico hanno preso parte per il dipartimento comunale Urbanistica, Filippo Terranova; per l\u2019IACP, Antonio Danz\u00e8; e per la E-distribuzione, Nicola Salvo. Nel corso dell\u2019incontro si \u00e8 registrato il completamento di tutte le procedure e delle autorizzazioni necessarie per l\u2019installazione della cabina elettrica. \u201cPer la stessa area d\u2019intervento la E-distribuzione \u2013 ha evidenziato il vicesindaco Mondello \u2013 inizier\u00e0 i lavori di collegamento tra la cabina esistente e quella da realizzare, nella parte esterna del cantiere, nella giornata di domani. Presumibilmente i lavori saranno completati in dieci giorni; nel frattempo si attendono notizie della ditta appaltante dei lavori che dovr\u00e0 fornire, oltre le certificazioni di rito, la disponibilit\u00e0 per l\u2019accesso in cantiere. Per quanto riguarda invece per gli interventi di Camaro Sottomontagna sono stati ultimati i lavori di allaccio degli impianti, l\u2019ing. Danz\u00e8 ha comunicato di avere depositato presso il dipartimento Attivit\u00e0 Edilizie la SCA (Segnalazione Certificata di Agibilit\u00e0). Inoltre per entrambi gli interventi \u2013 ha concluso Mondello \u2013 sono stati nominati i collaudatori amministrativi\u201d.<\/span><div id=\"div-gpt-ad-Messinaoggi.it-DSK-300x250-corpoart\" style=\"text-align:center;margin:0 auto;\"><\/div><\/p>\n<div id=\"videoincontent\" style=\"clear:both\";><\/div>","protected":false},"excerpt":{"rendered":"<p>Alla presenza del vicesindaco Salvatore Mondello e del presidente di A.RIS.ME. Marcello Scurria, si \u00e8 tenuta oggi a Palazzo Zanca l\u2019ultima conferenza di servizi relativa al risanamento per l\u2019allaccio delle utenze alle 50 nuove abitazioni del villaggio Matteotti all\u2019Annunziata. Al tavolo tecnico hanno preso parte per il dipartimento comunale Urbanistica, Filippo Terranova; per l\u2019IACP, Antonio [&hellip;]<\/p>\n","protected":false},"author":2,"featured_media":16782,"comment_status":"closed","ping_status":"open","sticky":false,"template":"","format":"standard","meta":{"ub_ctt_via":"","_mi_skip_tracking":false},"categories":[5],"tags":[],"featured_image_src":"https:\/\/www.messinaoggi.it\/website\/wp-content\/uploads\/2018\/03\/fondo-fucile-baracche-messinaoggiMR-1.jpg","author_info":{"display_name":"Redazione","author_link":"https:\/\/www.messinaoggi.it\/website\/author\/redazione\/"},"digistream_id":0,"digistream":false,"_links":{"self":[{"href":"https:\/\/www.messinaoggi.it\/website\/wp-json\/wp\/v2\/posts\/26910"}],"collection":[{"href":"https:\/\/www.messinaoggi.it\/website\/wp-json\/wp\/v2\/posts"}],"about":[{"href":"https:\/\/www.messinaoggi.it\/website\/wp-json\/wp\/v2\/types\/post"}],"author":[{"embeddable":true,"href":"https:\/\/www.messinaoggi.it\/website\/wp-json\/wp\/v2\/users\/2"}],"replies":[{"embeddable":true,"href":"https:\/\/www.messinaoggi.it\/website\/wp-json\/wp\/v2\/comments?post=26910"}],"version-history":[{"count":0,"href":"https:\/\/www.messinaoggi.it\/website\/wp-json\/wp\/v2\/posts\/26910\/revisions"}],"wp:featuredmedia":[{"embeddable":true,"href":"https:\/\/www.messinaoggi.it\/website\/wp-json\/wp\/v2\/media\/16782"}],"wp:attachment":[{"href":"https:\/\/www.messinaoggi.it\/website\/wp-json\/wp\/v2\/media?parent=26910"}],"wp:term":[{"taxonomy":"category","embeddable":true,"href":"https:\/\/www.messinaoggi.it\/website\/wp-json\/wp\/v2\/categories?post=26910"},{"taxonomy":"post_tag","embeddable":true,"href":"https:\/\/www.messinaoggi.it\/website\/wp-json\/wp\/v2\/tags?post=26910"}],"curies":[{"name":"wp","href":"https:\/\/api.w.org\/{rel}","templated":true}]}}