{"id":26895,"date":"2018-11-19T08:03:08","date_gmt":"2018-11-19T07:03:08","guid":{"rendered":"http:\/\/www.messinaoggi.it\/website\/?p=26895"},"modified":"2018-11-19T08:03:08","modified_gmt":"2018-11-19T07:03:08","slug":"evade-dagli-arresti-domiciliari-ucraino-finisce-in-manette","status":"publish","type":"post","link":"https:\/\/www.messinaoggi.it\/website\/2018\/11\/19\/evade-dagli-arresti-domiciliari-ucraino-finisce-in-manette\/","title":{"rendered":"Evade dagli arresti domiciliari: ucraino finisce in manette"},"content":{"rendered":"<p align=\"JUSTIFY\"><span style=\"color: #000000\"><span style=\"font-family: Arial, sans-serif\"><span style=\"font-size: medium\">\u00c8<\/span><\/span><\/span><span style=\"font-family: Arial, sans-serif\"><span style=\"font-size: medium\"> quello di evasione il reato contestato a un 46enne di nazionalit\u00e0 ucraina gi\u00e0 sottoposto agli arresti domiciliari, in quanto nell&#8217;ambito di una perquisizione domiciliare fatta dai Carabinieri della Stazione di Messina Giostra non \u00e8 stato ritrovato in casa.\u00a0L\u2019uomo si trovava ai domiciliari poich\u00e9, nell\u2019agosto scorso, era stato tratto in arresto dai Carabinieri della Compagnia Messina Centro per maltrattamenti contro familiari e conviventi.<\/span><\/span><div id=\"div-gpt-ad-Messinaoggi.it-DSK-300x250-corpoart\" style=\"text-align:center;margin:0 auto;\"><\/div><\/p>\n<p><span style=\"font-family: Arial, sans-serif\"><span style=\"font-size: medium\">Non avendolo trovato presso la sua abitazione, i Carabinieri si sono adoperati per rintracciare l&#8217;uomo, che \u00e8 stato poi trovato presso una pubblica via.<\/span><\/span><br \/>\n<span style=\"font-family: Arial, sans-serif\"><span style=\"font-size: medium\">Una volta ritrovato, l\u2019uomo \u00e8 comparso davanti al Giudice presso il Tribunale di Messina, che ha convalidato l\u2019arresto effettuato dai Carabinieri ed ha applicato la misura cautelare degli arresti domiciliari nei confronti del 46enne.<\/span><\/span><div id=\"videoincontent\" style=\"clear:both\";><\/div><\/p>\n","protected":false},"excerpt":{"rendered":"<p>\u00c8 quello di evasione il reato contestato a un 46enne di nazionalit\u00e0 ucraina gi\u00e0 sottoposto agli arresti domiciliari, in quanto nell&#8217;ambito di una perquisizione domiciliare fatta dai Carabinieri della Stazione di Messina Giostra non \u00e8 stato ritrovato in casa.\u00a0L\u2019uomo si trovava ai domiciliari poich\u00e9, nell\u2019agosto scorso, era stato tratto in arresto dai Carabinieri della Compagnia [&hellip;]<\/p>\n","protected":false},"author":8,"featured_media":26894,"comment_status":"closed","ping_status":"open","sticky":false,"template":"","format":"standard","meta":{"ub_ctt_via":"","_mi_skip_tracking":false},"categories":[5],"tags":[],"featured_image_src":"https:\/\/www.messinaoggi.it\/website\/wp-content\/uploads\/2018\/11\/voltante-cc-carabinieri-3.jpg","author_info":{"display_name":"red..me","author_link":"https:\/\/www.messinaoggi.it\/website\/author\/redstage\/"},"digistream_id":0,"digistream":false,"_links":{"self":[{"href":"https:\/\/www.messinaoggi.it\/website\/wp-json\/wp\/v2\/posts\/26895"}],"collection":[{"href":"https:\/\/www.messinaoggi.it\/website\/wp-json\/wp\/v2\/posts"}],"about":[{"href":"https:\/\/www.messinaoggi.it\/website\/wp-json\/wp\/v2\/types\/post"}],"author":[{"embeddable":true,"href":"https:\/\/www.messinaoggi.it\/website\/wp-json\/wp\/v2\/users\/8"}],"replies":[{"embeddable":true,"href":"https:\/\/www.messinaoggi.it\/website\/wp-json\/wp\/v2\/comments?post=26895"}],"version-history":[{"count":0,"href":"https:\/\/www.messinaoggi.it\/website\/wp-json\/wp\/v2\/posts\/26895\/revisions"}],"wp:featuredmedia":[{"embeddable":true,"href":"https:\/\/www.messinaoggi.it\/website\/wp-json\/wp\/v2\/media\/26894"}],"wp:attachment":[{"href":"https:\/\/www.messinaoggi.it\/website\/wp-json\/wp\/v2\/media?parent=26895"}],"wp:term":[{"taxonomy":"category","embeddable":true,"href":"https:\/\/www.messinaoggi.it\/website\/wp-json\/wp\/v2\/categories?post=26895"},{"taxonomy":"post_tag","embeddable":true,"href":"https:\/\/www.messinaoggi.it\/website\/wp-json\/wp\/v2\/tags?post=26895"}],"curies":[{"name":"wp","href":"https:\/\/api.w.org\/{rel}","templated":true}]}}