{"id":26808,"date":"2018-11-16T11:53:22","date_gmt":"2018-11-16T10:53:22","guid":{"rendered":"http:\/\/www.messinaoggi.it\/website\/?p=26808"},"modified":"2018-11-16T11:53:22","modified_gmt":"2018-11-16T10:53:22","slug":"ente-previdenza-medici-domani-convegno-a-messina","status":"publish","type":"post","link":"https:\/\/www.messinaoggi.it\/website\/2018\/11\/16\/ente-previdenza-medici-domani-convegno-a-messina\/","title":{"rendered":"Ente previdenza medici, domani convegno a Messina"},"content":{"rendered":"<p>Sar\u00e0 il presidente nazionale della Fondazione ENPAM (Ente nazionale previdenza e assistenza medici) Alberto Oliveti uno degli ospiti pi\u00f9 illustri nel convegno sulle tematiche previdenziali e assistenziali promosso dall\u2019Ordine dei Medici e Odontoiatri di Messina sabato 17 novembre al Palacultura di Messina con inizio alle ore 9.00 (iscrizioni dei partecipanti a partire dalle ore 8.00).<br \/>\nL\u2019iniziativa voluta dal presidente dell\u2019Ordine Giacomo Caudo e dal presidente CAO (Commissione Albo Odontoiatri) Giuseppe Renzo, ha l\u2019obiettivo di fare il punto sulla situazione della Fondazione ENPAM alla luce degli ultimi interventi normativi in materia di previdenza, esaminando i riflessi che questi avranno sulle gestioni dell\u2019ente, nonch\u00e9 sulle novit\u00e0 introdotte dal riordino dei testi regolamentari dei Fondi di previdenza, anche in termini di prestazioni assistenziali e dare le giuste risposte alle domande che oggi molti medici si pongono.<br \/>\nOltre ad Oliveti, interverranno i dirigenti della Fondazione Adriana La Ricca e Luigi Caccamo. L\u2019evento sar\u00e1 un importante momento di incontro, confronto e dibattito per la classe medica ed \u00e8 valido 6 crediti ECM; inoltre \u00e8 rivolto anche agli studenti del V e VI anno dei Corsi di laurea in Medicina e Chirurgia e in Odontoiatria e Protesi Dentaria, in funzione della possibilit\u00e0 data agli stessi di potersi iscrivere all\u2019ENPAM, garantendosi da subito la copertura previdenziale ed assistenziale e ottenendo un vantaggio sull\u2019anzianit\u00e0 contributiva.<div id=\"div-gpt-ad-Messinaoggi.it-DSK-300x250-corpoart\" style=\"text-align:center;margin:0 auto;\"><\/div><\/p>\n<div id=\"videoincontent\" style=\"clear:both\";><\/div>","protected":false},"excerpt":{"rendered":"<p>Sar\u00e0 il presidente nazionale della Fondazione ENPAM (Ente nazionale previdenza e assistenza medici) Alberto Oliveti uno degli ospiti pi\u00f9 illustri nel convegno sulle tematiche previdenziali e assistenziali promosso dall\u2019Ordine dei Medici e Odontoiatri di Messina sabato 17 novembre al Palacultura di Messina con inizio alle ore 9.00 (iscrizioni dei partecipanti a partire dalle ore 8.00). [&hellip;]<\/p>\n","protected":false},"author":2,"featured_media":2875,"comment_status":"closed","ping_status":"open","sticky":false,"template":"","format":"standard","meta":{"ub_ctt_via":"","_mi_skip_tracking":false},"categories":[5],"tags":[],"featured_image_src":"https:\/\/www.messinaoggi.it\/website\/wp-content\/uploads\/2017\/06\/sanita-2.jpg","author_info":{"display_name":"Redazione","author_link":"https:\/\/www.messinaoggi.it\/website\/author\/redazione\/"},"digistream_id":0,"digistream":false,"_links":{"self":[{"href":"https:\/\/www.messinaoggi.it\/website\/wp-json\/wp\/v2\/posts\/26808"}],"collection":[{"href":"https:\/\/www.messinaoggi.it\/website\/wp-json\/wp\/v2\/posts"}],"about":[{"href":"https:\/\/www.messinaoggi.it\/website\/wp-json\/wp\/v2\/types\/post"}],"author":[{"embeddable":true,"href":"https:\/\/www.messinaoggi.it\/website\/wp-json\/wp\/v2\/users\/2"}],"replies":[{"embeddable":true,"href":"https:\/\/www.messinaoggi.it\/website\/wp-json\/wp\/v2\/comments?post=26808"}],"version-history":[{"count":0,"href":"https:\/\/www.messinaoggi.it\/website\/wp-json\/wp\/v2\/posts\/26808\/revisions"}],"wp:featuredmedia":[{"embeddable":true,"href":"https:\/\/www.messinaoggi.it\/website\/wp-json\/wp\/v2\/media\/2875"}],"wp:attachment":[{"href":"https:\/\/www.messinaoggi.it\/website\/wp-json\/wp\/v2\/media?parent=26808"}],"wp:term":[{"taxonomy":"category","embeddable":true,"href":"https:\/\/www.messinaoggi.it\/website\/wp-json\/wp\/v2\/categories?post=26808"},{"taxonomy":"post_tag","embeddable":true,"href":"https:\/\/www.messinaoggi.it\/website\/wp-json\/wp\/v2\/tags?post=26808"}],"curies":[{"name":"wp","href":"https:\/\/api.w.org\/{rel}","templated":true}]}}