{"id":26804,"date":"2018-11-16T11:37:31","date_gmt":"2018-11-16T10:37:31","guid":{"rendered":"http:\/\/www.messinaoggi.it\/website\/?p=26804"},"modified":"2018-11-16T11:37:31","modified_gmt":"2018-11-16T10:37:31","slug":"tentano-di-rubare-un-motociclo-denunciati-due-minorenni","status":"publish","type":"post","link":"https:\/\/www.messinaoggi.it\/website\/2018\/11\/16\/tentano-di-rubare-un-motociclo-denunciati-due-minorenni\/","title":{"rendered":"Tentano di rubare un motociclo: denunciati due minorenni"},"content":{"rendered":"<p align=\"JUSTIFY\">\u201c<span style=\"font-family: Arial, serif\">Non avevo mezzi per tornare a casa\u201d. Si \u00e8 giustificato cos\u00ec un minorenne messinese dinnanzi agli agenti di Polizia, che poco prima era stato sorpreso nel tentativo di rubare un motociclo assieme a un amico. In particolare, i<\/span><span style=\"font-family: Arial, serif\">ntorno alle 22 e 30 di ieri, i due con fare sospetto sedevano sul mezzo a due ruote, che scuotevano con forza destando l\u2019attenzione dei poliziotti delle Volanti che, impegnati nella consueta attivit\u00e0 di controllo del territorio, prontamente si avvicinavano a loro. <\/span><div id=\"div-gpt-ad-Messinaoggi.it-DSK-300x250-corpoart\" style=\"text-align:center;margin:0 auto;\"><\/div><\/p>\n<p align=\"JUSTIFY\"><span style=\"font-family: Arial, serif\">Uno dei due, riconosciuto dagli operatori in quanto gi\u00e0 noto per i numerosi precedenti, si \u00e8 dato alla fuga lasciando perdere ogni traccia di s\u00e9; l\u2019altro, invece, \u00e8 stato bloccato, identificato e perquisito. All\u2019interno della tasca del giubbotto custodiva due cellulari, la sim di uno dei quali risultava essere intestata al ragazzo fuggito.<\/span><div id=\"videoincontent\" style=\"clear:both\";><\/div><\/p>\n<p align=\"JUSTIFY\"><span style=\"font-family: Arial, serif\">Il mezzo in questione apparteneva ad un altro soggetto, che contattato dai poliziotti riferiva di essersi da poco accorto dalla sua assenza e invitato presso gli uffici di polizia provvedeva a formalizzare la relativa denuncia.\u00a0<\/span><span style=\"font-family: Arial, serif\">Quanto al complice del furto, \u00e8 stato denunciato per gli stessi fatti.<\/span><\/p>\n","protected":false},"excerpt":{"rendered":"<p>\u201cNon avevo mezzi per tornare a casa\u201d. Si \u00e8 giustificato cos\u00ec un minorenne messinese dinnanzi agli agenti di Polizia, che poco prima era stato sorpreso nel tentativo di rubare un motociclo assieme a un amico. In particolare, intorno alle 22 e 30 di ieri, i due con fare sospetto sedevano sul mezzo a due ruote, [&hellip;]<\/p>\n","protected":false},"author":8,"featured_media":26805,"comment_status":"closed","ping_status":"open","sticky":false,"template":"","format":"standard","meta":{"ub_ctt_via":"","_mi_skip_tracking":false},"categories":[5],"tags":[],"featured_image_src":"https:\/\/www.messinaoggi.it\/website\/wp-content\/uploads\/2018\/11\/motociclo-polizia.jpg","author_info":{"display_name":"red..me","author_link":"https:\/\/www.messinaoggi.it\/website\/author\/redstage\/"},"digistream_id":0,"digistream":false,"_links":{"self":[{"href":"https:\/\/www.messinaoggi.it\/website\/wp-json\/wp\/v2\/posts\/26804"}],"collection":[{"href":"https:\/\/www.messinaoggi.it\/website\/wp-json\/wp\/v2\/posts"}],"about":[{"href":"https:\/\/www.messinaoggi.it\/website\/wp-json\/wp\/v2\/types\/post"}],"author":[{"embeddable":true,"href":"https:\/\/www.messinaoggi.it\/website\/wp-json\/wp\/v2\/users\/8"}],"replies":[{"embeddable":true,"href":"https:\/\/www.messinaoggi.it\/website\/wp-json\/wp\/v2\/comments?post=26804"}],"version-history":[{"count":0,"href":"https:\/\/www.messinaoggi.it\/website\/wp-json\/wp\/v2\/posts\/26804\/revisions"}],"wp:featuredmedia":[{"embeddable":true,"href":"https:\/\/www.messinaoggi.it\/website\/wp-json\/wp\/v2\/media\/26805"}],"wp:attachment":[{"href":"https:\/\/www.messinaoggi.it\/website\/wp-json\/wp\/v2\/media?parent=26804"}],"wp:term":[{"taxonomy":"category","embeddable":true,"href":"https:\/\/www.messinaoggi.it\/website\/wp-json\/wp\/v2\/categories?post=26804"},{"taxonomy":"post_tag","embeddable":true,"href":"https:\/\/www.messinaoggi.it\/website\/wp-json\/wp\/v2\/tags?post=26804"}],"curies":[{"name":"wp","href":"https:\/\/api.w.org\/{rel}","templated":true}]}}