{"id":26800,"date":"2018-11-16T10:42:45","date_gmt":"2018-11-16T09:42:45","guid":{"rendered":"http:\/\/www.messinaoggi.it\/website\/?p=26800"},"modified":"2018-11-16T10:42:45","modified_gmt":"2018-11-16T09:42:45","slug":"unime-sulla-mia-pelle-martedi-proiezione-gratuita-al-cospecs","status":"publish","type":"post","link":"https:\/\/www.messinaoggi.it\/website\/2018\/11\/16\/unime-sulla-mia-pelle-martedi-proiezione-gratuita-al-cospecs\/","title":{"rendered":"Unime, &quot;Sulla mia pelle&quot;: marted\u00ec proiezione gratuita al Cospecs"},"content":{"rendered":"<p><span style=\"font-family: Arial, sans-serif\">Sar\u00e0 proiettato alle ore 15 e 30 di marted\u00ec 20, presso l&#8217;Aula Magna del Dipartimento Cospecs, il film <span style=\"color: #000000\"><span style=\"font-size: medium\">\u201cSulla mia pelle\u201d (regia di Alessio Cremonini, durata 100 minuti). Il film, presentato alla Mostra Internazionale del Cinema di Venezia, racconta l\u2019ultima settimana di vita di Stefano Cucchi: un giovane uomo che entra in caserma sulle sue gambe e, una settimana dopo, muore in custodia cautelare, all\u2019ospedale Sandro Pertini di Roma. Era il 22 ottobre del 2009. La partecipazione all&#8217;evento, curato dalle docenti Domenica Bruni e Paola Di Mauro, \u00e8 gratuita ed \u00e8 aperta a tutta la citt\u00e0.<\/span><\/span><\/span><br \/>\n<span style=\"color: #000000\"><span style=\"font-family: Arial, sans-serif\"><span style=\"font-size: medium\">Introduce il Direttore del Dipartimento COSPECS, professor Pietro Perconti. Interverranno via Skype: Ilaria Cucchi e l\u2019avvocato Fabio Anselmo. Partecipano: Germana Graceffo, avvocata penalista (Associazione Borderline Sicilia) Stefania Mazzone, politologa (Dipartimento Scienze Politiche e Sociali, Catania) Pietro Saitta, sociologo (COSPECS, Messina). Modera: Paolo di Mauro.<\/span><\/span><\/span><div id=\"div-gpt-ad-Messinaoggi.it-DSK-300x250-corpoart\" style=\"text-align:center;margin:0 auto;\"><\/div><\/p>\n<div id=\"videoincontent\" style=\"clear:both\";><\/div>","protected":false},"excerpt":{"rendered":"<p>Sar\u00e0 proiettato alle ore 15 e 30 di marted\u00ec 20, presso l&#8217;Aula Magna del Dipartimento Cospecs, il film \u201cSulla mia pelle\u201d (regia di Alessio Cremonini, durata 100 minuti). Il film, presentato alla Mostra Internazionale del Cinema di Venezia, racconta l\u2019ultima settimana di vita di Stefano Cucchi: un giovane uomo che entra in caserma sulle sue [&hellip;]<\/p>\n","protected":false},"author":8,"featured_media":26802,"comment_status":"closed","ping_status":"open","sticky":false,"template":"","format":"standard","meta":{"ub_ctt_via":"","_mi_skip_tracking":false},"categories":[7],"tags":[],"featured_image_src":"https:\/\/www.messinaoggi.it\/website\/wp-content\/uploads\/2018\/11\/Cucchi.jpg","author_info":{"display_name":"red..me","author_link":"https:\/\/www.messinaoggi.it\/website\/author\/redstage\/"},"digistream_id":0,"digistream":false,"_links":{"self":[{"href":"https:\/\/www.messinaoggi.it\/website\/wp-json\/wp\/v2\/posts\/26800"}],"collection":[{"href":"https:\/\/www.messinaoggi.it\/website\/wp-json\/wp\/v2\/posts"}],"about":[{"href":"https:\/\/www.messinaoggi.it\/website\/wp-json\/wp\/v2\/types\/post"}],"author":[{"embeddable":true,"href":"https:\/\/www.messinaoggi.it\/website\/wp-json\/wp\/v2\/users\/8"}],"replies":[{"embeddable":true,"href":"https:\/\/www.messinaoggi.it\/website\/wp-json\/wp\/v2\/comments?post=26800"}],"version-history":[{"count":0,"href":"https:\/\/www.messinaoggi.it\/website\/wp-json\/wp\/v2\/posts\/26800\/revisions"}],"wp:featuredmedia":[{"embeddable":true,"href":"https:\/\/www.messinaoggi.it\/website\/wp-json\/wp\/v2\/media\/26802"}],"wp:attachment":[{"href":"https:\/\/www.messinaoggi.it\/website\/wp-json\/wp\/v2\/media?parent=26800"}],"wp:term":[{"taxonomy":"category","embeddable":true,"href":"https:\/\/www.messinaoggi.it\/website\/wp-json\/wp\/v2\/categories?post=26800"},{"taxonomy":"post_tag","embeddable":true,"href":"https:\/\/www.messinaoggi.it\/website\/wp-json\/wp\/v2\/tags?post=26800"}],"curies":[{"name":"wp","href":"https:\/\/api.w.org\/{rel}","templated":true}]}}