{"id":26748,"date":"2018-11-14T13:15:12","date_gmt":"2018-11-14T12:15:12","guid":{"rendered":"http:\/\/www.messinaoggi.it\/website\/?p=26748"},"modified":"2018-11-14T13:15:12","modified_gmt":"2018-11-14T12:15:12","slug":"ferve-lattesa-per-la-governante-di-vitaliano-brancati-in-scena-al-teatro-mandanici","status":"publish","type":"post","link":"https:\/\/www.messinaoggi.it\/website\/2018\/11\/14\/ferve-lattesa-per-la-governante-di-vitaliano-brancati-in-scena-al-teatro-mandanici\/","title":{"rendered":"Ferve l&#039;attesa per La Governante di Vitaliano Brancati, in scena al Teatro Mandanici"},"content":{"rendered":"<p>Dopo il grandioso successo riscosso recentemente\u00a0 dal duo comico Ficarra e Picone, \u00a0gioved\u00ec 13 dicembre, \u00a0\u00a0alle ore 21.00, sul palco del Teatro Mandanici saliranno Ornella Muti, icona cinematografica degli anni 70 e 80, ed \u00a0Enrico Guarneri, mattatore di indiscussa bravura, protagonisti de \u201cLa Governante\u201d di\u00a0Vitaliano Brancati.<br \/>\nDiretta da Guglielmo Ferro, la pi\u00e8ce racconta la\u00a0 storia di Caterina Leher, governante francese assunta in casa Platania, famiglia siciliana e borghese trapiantata a Roma il cui patriarca, Leopoldo, ha sacrificato la vita di una figlia, morta suicida, ai pregiudizi della sua morale. Caterina \u00e8 calvinista e viene considerata da tutti un modello d\u2019integrit\u00e0. Vive perci\u00f2 segretamente la propria omosessualit\u00e0, una \u201ccolpa\u201d cui si aggiunge quella di aver attribuito a una giovane cameriera dei Platania le proprie tendenze, causandone il licenziamento.<br \/>\nCaterina si sente responsabile della morte della ragazza, coinvolta in un incidente mentre tornava al Sud: un peccato che la governante decider\u00e0 di espiare con il suicidio.<br \/>\nQuesta commedia fu scritta nel 1952 e subito censurata. La scusa era quella del tema, allora molto scottante, dell\u2019omosessualit\u00e0, anche se Vitaliano Brancati sosteneva che \u201cLa sostanza della vicenda \u00e8 pi\u00f9 la calunnia che l\u2019amore fra le due donne\u201d. Ma sullo sfondo di un complesso discorso sull\u2019etica e sulla responsabilit\u00e0 individuale, il testo \u00e8 pieno di accenti polemici contro l\u2019ipocrisia dei benpensanti cattolici, il filocomunismo borghese, i principi della Sicilia baronale e contro la censura stessa.<br \/>\nUna commedia ricca di\u00a0 emozioni, dunque, \u00a0che, al fianco dei due protagonisti, \u00a0\u00a0vedr\u00e0 \u00a0un grandioso cast\u00a0 in cui spiccano i nomi di Nadia De Luca, Rosario Marco Amato, Caterina Milicchio, Turi Giordano e Naike Rivelli, i quali ancora una volta\u00a0 porteranno\u00a0 in scena stralci di vita vissuta, declamata in tutte le\u00a0 sue sfumature.<br \/>\n <div id=\"div-gpt-ad-Messinaoggi.it-DSK-300x250-corpoart\" style=\"text-align:center;margin:0 auto;\"><\/div><\/p>\n<div id=\"videoincontent\" style=\"clear:both\";><\/div>","protected":false},"excerpt":{"rendered":"<p>Dopo il grandioso successo riscosso recentemente\u00a0 dal duo comico Ficarra e Picone, \u00a0gioved\u00ec 13 dicembre, \u00a0\u00a0alle ore 21.00, sul palco del Teatro Mandanici saliranno Ornella Muti, icona cinematografica degli anni 70 e 80, ed \u00a0Enrico Guarneri, mattatore di indiscussa bravura, protagonisti de \u201cLa Governante\u201d di\u00a0Vitaliano Brancati. Diretta da Guglielmo Ferro, la pi\u00e8ce racconta la\u00a0 storia [&hellip;]<\/p>\n","protected":false},"author":5,"featured_media":26749,"comment_status":"closed","ping_status":"open","sticky":false,"template":"","format":"standard","meta":{"ub_ctt_via":"","_mi_skip_tracking":false},"categories":[17],"tags":[],"featured_image_src":"https:\/\/www.messinaoggi.it\/website\/wp-content\/uploads\/2018\/11\/Ornella-Muti-ed-Enrico-Guarneri-protagonisti-de-La-governante-14072.jpg","author_info":{"display_name":"Maria Antonella Saia","author_link":"https:\/\/www.messinaoggi.it\/website\/author\/m-saia\/"},"digistream_id":0,"digistream":false,"_links":{"self":[{"href":"https:\/\/www.messinaoggi.it\/website\/wp-json\/wp\/v2\/posts\/26748"}],"collection":[{"href":"https:\/\/www.messinaoggi.it\/website\/wp-json\/wp\/v2\/posts"}],"about":[{"href":"https:\/\/www.messinaoggi.it\/website\/wp-json\/wp\/v2\/types\/post"}],"author":[{"embeddable":true,"href":"https:\/\/www.messinaoggi.it\/website\/wp-json\/wp\/v2\/users\/5"}],"replies":[{"embeddable":true,"href":"https:\/\/www.messinaoggi.it\/website\/wp-json\/wp\/v2\/comments?post=26748"}],"version-history":[{"count":0,"href":"https:\/\/www.messinaoggi.it\/website\/wp-json\/wp\/v2\/posts\/26748\/revisions"}],"wp:featuredmedia":[{"embeddable":true,"href":"https:\/\/www.messinaoggi.it\/website\/wp-json\/wp\/v2\/media\/26749"}],"wp:attachment":[{"href":"https:\/\/www.messinaoggi.it\/website\/wp-json\/wp\/v2\/media?parent=26748"}],"wp:term":[{"taxonomy":"category","embeddable":true,"href":"https:\/\/www.messinaoggi.it\/website\/wp-json\/wp\/v2\/categories?post=26748"},{"taxonomy":"post_tag","embeddable":true,"href":"https:\/\/www.messinaoggi.it\/website\/wp-json\/wp\/v2\/tags?post=26748"}],"curies":[{"name":"wp","href":"https:\/\/api.w.org\/{rel}","templated":true}]}}