{"id":26737,"date":"2018-11-14T11:08:10","date_gmt":"2018-11-14T10:08:10","guid":{"rendered":"http:\/\/www.messinaoggi.it\/website\/?p=26737"},"modified":"2018-11-14T11:08:10","modified_gmt":"2018-11-14T10:08:10","slug":"degrado-a18-e-a20-cittadinanzattiva-chiede-lintervento-della-protezione-civile","status":"publish","type":"post","link":"https:\/\/www.messinaoggi.it\/website\/2018\/11\/14\/degrado-a18-e-a20-cittadinanzattiva-chiede-lintervento-della-protezione-civile\/","title":{"rendered":"Degrado A18 e A20, CittadinanzAttiva chiede l&#039;intervento della Protezione civile"},"content":{"rendered":"<p align=\"JUSTIFY\"><span style=\"font-family: Arial, sans-serif;\">Procedere con il declassamento a Strada Statale e chiedere l&#8217;intervento di Protezione Civile, Forestale e Genio Militare. E&#8217; questa la proposta avanzata da CittadinanzAttiva Sicilia al fine di far fronte ai pericoli relativi al crollo di alberi sulle Autostrade A18 e A20, nonch\u00e9 per procedere con la pulizia delle relative cunette sopra le gallerie e dei relativi muri di sostegno. Insomma, l&#8217;intento \u00e8 quello di porre fine alla situazione di degrado in cui versano i tratti autostradali in questione: \u201c<em>Le criticit\u00e0 contestate a suo tempo dall&#8217;Anas\u00a0<\/em><\/span><span style=\"font-family: Arial, sans-serif;\"><em>si sono pericolosamente aggravate a cominciare dai guardrail vetusti sino al manto stradale pieno di buche e con radici sporgenti. E ancora: dalle barriere antirumore inesistenti alla vecchia segnaletica orizzontale e verticale. Si tratta di problematiche mai affrontate dal CAS e che per questo si sono aggravate<\/em>&#8220;, ha spiegato al riguardo l&#8217;esponente di CittadinanzAttiva Sicilia,\u00a0Domenico Interdonato, nell&#8217;ambito di una conferenza stampa tenutasi ieri.<\/span><div id=\"div-gpt-ad-Messinaoggi.it-DSK-300x250-corpoart\" style=\"text-align:center;margin:0 auto;\"><\/div><\/p>\n<p align=\"JUSTIFY\"><span style=\"font-family: Arial, sans-serif;\">Il Presidente di CittadinanzAttiva Sicilia Giuseppe Pracanica, ha poi dichiarato: &#8220;<em>Il CAS deve essere chiuso perch\u00e9 la Regione Sicilia con la sua creazione, ha tradito lo Statuto Speciale. Ponendo a carico di noi contribuenti siciliani l\u2019enorme onere finanziario utilizzato, per realizzare e gestire direttamente grandi opere pubbliche, come le autostrade, nonostante lo Statuto le ponesse a carico dello Stato<\/em>&#8220;.<\/span><div id=\"videoincontent\" style=\"clear:both\";><\/div><\/p>\n<p align=\"JUSTIFY\"><span style=\"font-family: Arial, sans-serif;\">La conferenza stampa si \u00e8 conclusa con il corale appello lanciato alla Protezione Civile regionale, al Prefetto di Messina, al Sindaco della Citt\u00e0 Metropolitana, al Presidente della Regione Sicilia, e ai Sindaci interessati perch\u00e9 si intervenga con decisione, tempestivit\u00e0 e razionalit\u00e0, per l&#8217;eliminazione delle criticit\u00e0. A<\/span><span style=\"font-family: Arial, sans-serif;\">lla conferenza stampa sono intervenuti anche, Ugo Giummi Consigliere Nazionale di CittadinanzAttiva, Nino Quartarone e Rosario Lo Faro.<\/span><\/p>\n","protected":false},"excerpt":{"rendered":"<p>Procedere con il declassamento a Strada Statale e chiedere l&#8217;intervento di Protezione Civile, Forestale e Genio Militare. E&#8217; questa la proposta avanzata da CittadinanzAttiva Sicilia al fine di far fronte ai pericoli relativi al crollo di alberi sulle Autostrade A18 e A20, nonch\u00e9 per procedere con la pulizia delle relative cunette sopra le gallerie e [&hellip;]<\/p>\n","protected":false},"author":8,"featured_media":26739,"comment_status":"closed","ping_status":"open","sticky":false,"template":"","format":"standard","meta":{"ub_ctt_via":"","_mi_skip_tracking":false},"categories":[5],"tags":[],"featured_image_src":"https:\/\/www.messinaoggi.it\/website\/wp-content\/uploads\/2018\/11\/DA-SIN.-GIUMMI-QUARTARONE-PRACANICA-INTERDONATO-E-LO-FARO-.jpg","author_info":{"display_name":"red..me","author_link":"https:\/\/www.messinaoggi.it\/website\/author\/redstage\/"},"digistream_id":0,"digistream":false,"_links":{"self":[{"href":"https:\/\/www.messinaoggi.it\/website\/wp-json\/wp\/v2\/posts\/26737"}],"collection":[{"href":"https:\/\/www.messinaoggi.it\/website\/wp-json\/wp\/v2\/posts"}],"about":[{"href":"https:\/\/www.messinaoggi.it\/website\/wp-json\/wp\/v2\/types\/post"}],"author":[{"embeddable":true,"href":"https:\/\/www.messinaoggi.it\/website\/wp-json\/wp\/v2\/users\/8"}],"replies":[{"embeddable":true,"href":"https:\/\/www.messinaoggi.it\/website\/wp-json\/wp\/v2\/comments?post=26737"}],"version-history":[{"count":0,"href":"https:\/\/www.messinaoggi.it\/website\/wp-json\/wp\/v2\/posts\/26737\/revisions"}],"wp:featuredmedia":[{"embeddable":true,"href":"https:\/\/www.messinaoggi.it\/website\/wp-json\/wp\/v2\/media\/26739"}],"wp:attachment":[{"href":"https:\/\/www.messinaoggi.it\/website\/wp-json\/wp\/v2\/media?parent=26737"}],"wp:term":[{"taxonomy":"category","embeddable":true,"href":"https:\/\/www.messinaoggi.it\/website\/wp-json\/wp\/v2\/categories?post=26737"},{"taxonomy":"post_tag","embeddable":true,"href":"https:\/\/www.messinaoggi.it\/website\/wp-json\/wp\/v2\/tags?post=26737"}],"curies":[{"name":"wp","href":"https:\/\/api.w.org\/{rel}","templated":true}]}}