{"id":26721,"date":"2018-11-14T09:04:49","date_gmt":"2018-11-14T08:04:49","guid":{"rendered":"http:\/\/www.messinaoggi.it\/website\/?p=26721"},"modified":"2018-11-14T09:04:49","modified_gmt":"2018-11-14T08:04:49","slug":"sanita-aggredito-infermiere-calapai-uil-fpl-intervenga-lassessore-razza","status":"publish","type":"post","link":"https:\/\/www.messinaoggi.it\/website\/2018\/11\/14\/sanita-aggredito-infermiere-calapai-uil-fpl-intervenga-lassessore-razza\/","title":{"rendered":"Sanit\u00e0, aggredito infermiere. Calapai (Uil-Fpl): &quot;Intervenga l&#039;assessore Razza&quot;"},"content":{"rendered":"<p class=\"p1\" style=\"text-align: justify;\"><span class=\"s1\">Ancora un\u2019aggressione ai danni di un operatore della Sanit\u00e0. La scorsa notte, alla REMS (Residenza per l\u2019esecuzione della misura di sicurezza sanitaria), di Naso, un infermiere ha subito una violenta aggressione da parte da parte di un ricoverato, riportando trauma sopracciliare sinistro e trauma distorsivo al primo dito della mano sinistra. La Uil-Fpl, gi\u00e0 in passato, aveva denunciato la mancata sicurezza nei luoghi di lavoro, e in particolare alla REMS (struttura che ospita gli ex detenuti degli ospedali psichiatrici). Le denunce della Uil-Fpl non sono state solo rivolte all\u2019Asp, ma anche all\u2019Assessore regionale alla Salute, Ruggero Razza. Tuttavia, alle parole riguardo i finanziamenti per garantire la sicurezza in questa tipologia di strutture, non sono mai seguiti i fatti.<\/span><div id=\"div-gpt-ad-Messinaoggi.it-DSK-300x250-corpoart\" style=\"text-align:center;margin:0 auto;\"><\/div><\/p>\n<p class=\"p1\" style=\"text-align: justify;\"><span class=\"s1\">\u201c<i>Riteniamo un fatto di enorme gravit\u00e0 \u2013 afferma <strong>Pippo Calapai<\/strong>, segretario generale della Uil-Fpl Messina \u2013 quanto accaduto alla REMS di Naso. Non \u00e8 possibile continuare a mettere a repentaglio l\u2019incolumit\u00e0 dei lavoratori. Chiediamo pertanto l\u2019immediato intervento dell\u2019Assessore alla Salute, Ruggero Razza, per verificare se sono state adottate le misure idonee a prevenire episodi di tale gravit\u00e0 e, nel caso, di assumere i dovuti provvedimenti nei confronti dei responsabili di possibili omissioni. Sono solidale con il lavoratore aggredito e con i dipendenti che quotidianamente sono esposti a rischi. Da parte nostra c\u2019\u00e8 il massimo impegno affinch\u00e9 si rendano sempre pi\u00f9 sicuri gli ambienti di lavoro<\/i>\u201d.<\/span><div id=\"videoincontent\" style=\"clear:both\";><\/div><\/p>\n","protected":false},"excerpt":{"rendered":"<p>Ancora un\u2019aggressione ai danni di un operatore della Sanit\u00e0. La scorsa notte, alla REMS (Residenza per l\u2019esecuzione della misura di sicurezza sanitaria), di Naso, un infermiere ha subito una violenta aggressione da parte da parte di un ricoverato, riportando trauma sopracciliare sinistro e trauma distorsivo al primo dito della mano sinistra. La Uil-Fpl, gi\u00e0 in [&hellip;]<\/p>\n","protected":false},"author":2,"featured_media":8378,"comment_status":"closed","ping_status":"open","sticky":false,"template":"","format":"standard","meta":{"ub_ctt_via":"","_mi_skip_tracking":false},"categories":[6],"tags":[],"featured_image_src":"https:\/\/www.messinaoggi.it\/website\/wp-content\/uploads\/2017\/09\/calapai-uilRRP_8323-2.jpg","author_info":{"display_name":"Redazione","author_link":"https:\/\/www.messinaoggi.it\/website\/author\/redazione\/"},"digistream_id":0,"digistream":false,"_links":{"self":[{"href":"https:\/\/www.messinaoggi.it\/website\/wp-json\/wp\/v2\/posts\/26721"}],"collection":[{"href":"https:\/\/www.messinaoggi.it\/website\/wp-json\/wp\/v2\/posts"}],"about":[{"href":"https:\/\/www.messinaoggi.it\/website\/wp-json\/wp\/v2\/types\/post"}],"author":[{"embeddable":true,"href":"https:\/\/www.messinaoggi.it\/website\/wp-json\/wp\/v2\/users\/2"}],"replies":[{"embeddable":true,"href":"https:\/\/www.messinaoggi.it\/website\/wp-json\/wp\/v2\/comments?post=26721"}],"version-history":[{"count":0,"href":"https:\/\/www.messinaoggi.it\/website\/wp-json\/wp\/v2\/posts\/26721\/revisions"}],"wp:featuredmedia":[{"embeddable":true,"href":"https:\/\/www.messinaoggi.it\/website\/wp-json\/wp\/v2\/media\/8378"}],"wp:attachment":[{"href":"https:\/\/www.messinaoggi.it\/website\/wp-json\/wp\/v2\/media?parent=26721"}],"wp:term":[{"taxonomy":"category","embeddable":true,"href":"https:\/\/www.messinaoggi.it\/website\/wp-json\/wp\/v2\/categories?post=26721"},{"taxonomy":"post_tag","embeddable":true,"href":"https:\/\/www.messinaoggi.it\/website\/wp-json\/wp\/v2\/tags?post=26721"}],"curies":[{"name":"wp","href":"https:\/\/api.w.org\/{rel}","templated":true}]}}