{"id":26699,"date":"2018-11-13T13:34:43","date_gmt":"2018-11-13T12:34:43","guid":{"rendered":"http:\/\/www.messinaoggi.it\/website\/?p=26699"},"modified":"2018-11-13T13:34:43","modified_gmt":"2018-11-13T12:34:43","slug":"il-rosso-e-il-blu-un-emozionante-viaggio-nella-produzione-artistica-di-alexandra-stralucica","status":"publish","type":"post","link":"https:\/\/www.messinaoggi.it\/website\/2018\/11\/13\/il-rosso-e-il-blu-un-emozionante-viaggio-nella-produzione-artistica-di-alexandra-stralucica\/","title":{"rendered":"Il Rosso e il Blu, un emozionante viaggio nella produzione artistica di  Alexandra Stralucica"},"content":{"rendered":"<p>Venerd\u00ec, nei saloni espositivi del Teatro Vittorio Emanuele, \u00a0alle ore 18.00, sar\u00e0 inaugurata la personale della pittrice Alexandra Stralucica dal titolo \u201cRosso e Blu\u201d. La mostra, curata da Giuseppe La Motta, \u00a0\u00a0che rientra nell\u2019ambito del progetto \u201cOpera al centro\u201d sar\u00e0 presentata dal critico e storico dell\u2019arte Mos\u00e8 Previti.<br \/>\nLe opere di Alexandra Stralucica incantano lo spettatore che si imbatte in queste composizioni cromatiche fortemente ritmiche dove il paesaggio \u00e8 testo e pretesto per un\u2019arte tecnicamente molto strutturata, meticolosa, quanto emotiva e psicologica.<br \/>\n<img loading=\"lazy\" class=\"alignnone size-medium wp-image-26700\" src=\"http:\/\/www.messinaoggi.it\/website\/wp-content\/uploads\/2018\/11\/DAV_2505-web-300x217.jpg\" alt=\"\" width=\"300\" height=\"217\" \/><br \/>\nIl rosso e blu delle sue opere, \u00a0che troviamo anche \u00a0nel \u00a0titolo, rappresentano anche il leitmotiv di questa mostra che testimonia l\u2019originalit\u00e0 e il talento di Alexandra Stralucica. Due colori che giocano con il monumentale antico sapore del loro contrasto, ma che qui hanno trovato una sintesi modernamente classica.<br \/>\nI valori emotivi e intellettuali delle sue opere si muovono all\u2019unisono con uno sguardo autonomo rispetto alla produzione artistica della citt\u00e0 di Messina degli ultimi venticinque anni. \u00a0Nella produzione \u00a0di Alexandra Stralucica vi \u00e8 un risolto spirito di appartenenza, un principio di identit\u00e0 che accetta ed esalta il reale con la propria individuale certezza, un contributo che \u00e8 un dono per la storia dell\u2019arte di queste latitudini ed anche per la sensibilit\u00e0 della comunit\u00e0 dello Stretto a cui Alexandra Stralucica offre la possibilit\u00e0 di un diverso e pi\u00f9 sereno punto di vista.<br \/>\nLa mostra potr\u00e0 essere visitata tutti i giorni, escluso il luned\u00ec, dal 16 al 27 novembre dalle ore 10.00 alle ore 13.00 e poi dalle ore \u00a016.00 alle ore 19.00.<br \/>\n <br \/>\n <div id=\"div-gpt-ad-Messinaoggi.it-DSK-300x250-corpoart\" style=\"text-align:center;margin:0 auto;\"><\/div><\/p>\n<div id=\"videoincontent\" style=\"clear:both\";><\/div>","protected":false},"excerpt":{"rendered":"<p>Venerd\u00ec, nei saloni espositivi del Teatro Vittorio Emanuele, \u00a0alle ore 18.00, sar\u00e0 inaugurata la personale della pittrice Alexandra Stralucica dal titolo \u201cRosso e Blu\u201d. La mostra, curata da Giuseppe La Motta, \u00a0\u00a0che rientra nell\u2019ambito del progetto \u201cOpera al centro\u201d sar\u00e0 presentata dal critico e storico dell\u2019arte Mos\u00e8 Previti. Le opere di Alexandra Stralucica incantano lo [&hellip;]<\/p>\n","protected":false},"author":5,"featured_media":26701,"comment_status":"closed","ping_status":"open","sticky":false,"template":"","format":"standard","meta":{"ub_ctt_via":"","_mi_skip_tracking":false},"categories":[16],"tags":[],"featured_image_src":"https:\/\/www.messinaoggi.it\/website\/wp-content\/uploads\/2018\/11\/DSC_6744-web.jpg","author_info":{"display_name":"Maria Antonella Saia","author_link":"https:\/\/www.messinaoggi.it\/website\/author\/m-saia\/"},"digistream_id":0,"digistream":false,"_links":{"self":[{"href":"https:\/\/www.messinaoggi.it\/website\/wp-json\/wp\/v2\/posts\/26699"}],"collection":[{"href":"https:\/\/www.messinaoggi.it\/website\/wp-json\/wp\/v2\/posts"}],"about":[{"href":"https:\/\/www.messinaoggi.it\/website\/wp-json\/wp\/v2\/types\/post"}],"author":[{"embeddable":true,"href":"https:\/\/www.messinaoggi.it\/website\/wp-json\/wp\/v2\/users\/5"}],"replies":[{"embeddable":true,"href":"https:\/\/www.messinaoggi.it\/website\/wp-json\/wp\/v2\/comments?post=26699"}],"version-history":[{"count":0,"href":"https:\/\/www.messinaoggi.it\/website\/wp-json\/wp\/v2\/posts\/26699\/revisions"}],"wp:featuredmedia":[{"embeddable":true,"href":"https:\/\/www.messinaoggi.it\/website\/wp-json\/wp\/v2\/media\/26701"}],"wp:attachment":[{"href":"https:\/\/www.messinaoggi.it\/website\/wp-json\/wp\/v2\/media?parent=26699"}],"wp:term":[{"taxonomy":"category","embeddable":true,"href":"https:\/\/www.messinaoggi.it\/website\/wp-json\/wp\/v2\/categories?post=26699"},{"taxonomy":"post_tag","embeddable":true,"href":"https:\/\/www.messinaoggi.it\/website\/wp-json\/wp\/v2\/tags?post=26699"}],"curies":[{"name":"wp","href":"https:\/\/api.w.org\/{rel}","templated":true}]}}