{"id":266235,"date":"2026-05-03T12:08:50","date_gmt":"2026-05-03T10:08:50","guid":{"rendered":"https:\/\/www.messinaoggi.it\/website\/2026\/05\/03\/schlein-il-governo-ha-sbagliato-tutto-in-campo-con-alleanza-unita\/"},"modified":"2026-05-03T12:08:50","modified_gmt":"2026-05-03T10:08:50","slug":"schlein-il-governo-ha-sbagliato-tutto-in-campo-con-alleanza-unita","status":"publish","type":"post","link":"https:\/\/www.messinaoggi.it\/website\/2026\/05\/03\/schlein-il-governo-ha-sbagliato-tutto-in-campo-con-alleanza-unita\/","title":{"rendered":"Schlein \u201cIl Governo ha sbagliato tutto, in campo con alleanza unita\u201d"},"content":{"rendered":"<div>ROMA (ITALPRESS) &#8211; &#8220;Non capisco cosa ci sia da festeggiare.<br \/>Avevano i numeri per fare tutto e non hanno fatto nulla per migliorare la vita degli italiani. Guardi gli ultimi tre anni e mezzo: calo della produzione industriale per 37 mesi su 42, crescita zero, tasse record, costo energia pi\u00f9 alto d&#8217;Europa, stipendi tra i pi\u00f9 bassi e liste d&#8217;attesa infinite in sanit\u00e0. Non sono risultati da rivendicare&#8221;. Cos\u00ec la segretaria del PD, Elly Schlein, in un&#8217;intervista a la Repubblica. &#8220;Se non vedi la fatica che fanno i cittadini alle prese con bassi salari, bollette alle stelle e un&#8217;inflazione sul carrello della spesa che sta erodendo il potere d&#8217;acquisto delle famiglie; se non ti poni il tema del rilancio dell&#8217;azione di governo, significa che hai solo voglia di tirare a campare. Non mi stupisce, questo esecutivo \u00e8 nato su un patto di potere e fa di tutto per preservarlo&#8221;, aggiunge.<br \/>Poi, incalza: &#8220;Hanno sbagliato tutto e noi siamo in campo con un&#8217;alleanza unita e competitiva: quando vinceremo le elezioni, non faremo lo stesso errore&#8221;. Alla domanda se si aspetta una conversione europeista della premier, Schlein dice: &#8220;No. Fin qui la sua strategia \u00e8 stata opporsi alla difesa comune e comprare pi\u00f9 armi e gas dagli Usa, mentre fa la guerra alle rinnovabili. Toccher\u00e0 a noi fare l&#8217;inverso per far ripartire l&#8217;economia: servir\u00e0 soprattutto al Sud per creare buona impresa e lavoro di qualit\u00e0. Inoltre, approveremo il salario minimo e abbatteremo il costo dell&#8217;energia che fa perdere competitivit\u00e0 alle aziende.<br \/>L&#8217;interesse nazionale si difende cos\u00ec, non come fanno i nostri sedicenti nazionalisti. L&#8217;alleanza progressista c&#8217;\u00e8 gi\u00e0, \u00e8 il frutto del lavoro testardamente unitario di questi anni, insieme si \u00e8 presentata e ha vinto in tante citt\u00e0 e regioni. Riusciremo a costruire un&#8217;alternativa credibile che parli dei problemi reali degli italiani&#8221;, chiosa la segretaria dem.<br \/>(ITALPRESS).<br \/>-foto: Ipa Agency-<\/div>\n<div id=\"div-gpt-ad-Messinaoggi.it-DSK-300x250-corpoart\" style=\"text-align:center;margin:0 auto;\"><\/div><\/p><div id=\"videoincontent\" style=\"clear:both\";><\/div>","protected":false},"excerpt":{"rendered":"<p>ROMA (ITALPRESS) &#8211; &#8220;Non capisco cosa ci sia da festeggiare.Avevano i numeri per fare tutto e non hanno fatto nulla per migliorare la vita degli italiani. Guardi gli ultimi tre anni e mezzo: calo della produzione industriale per 37 mesi su 42, crescita zero, tasse record, costo energia pi\u00f9 alto d&#8217;Europa, stipendi tra i pi\u00f9 [&hellip;]<\/p>\n","protected":false},"author":18,"featured_media":266236,"comment_status":"closed","ping_status":"closed","sticky":false,"template":"","format":"standard","meta":{"ub_ctt_via":"","_mi_skip_tracking":false},"categories":[446],"tags":[783],"featured_image_src":"https:\/\/www.messinaoggi.it\/website\/wp-content\/uploads\/2026\/05\/20260503_0127.jpg","author_info":{"display_name":"Admin","author_link":"https:\/\/www.messinaoggi.it\/website\/author\/admin\/"},"digistream_id":0,"digistream":false,"_links":{"self":[{"href":"https:\/\/www.messinaoggi.it\/website\/wp-json\/wp\/v2\/posts\/266235"}],"collection":[{"href":"https:\/\/www.messinaoggi.it\/website\/wp-json\/wp\/v2\/posts"}],"about":[{"href":"https:\/\/www.messinaoggi.it\/website\/wp-json\/wp\/v2\/types\/post"}],"author":[{"embeddable":true,"href":"https:\/\/www.messinaoggi.it\/website\/wp-json\/wp\/v2\/users\/18"}],"replies":[{"embeddable":true,"href":"https:\/\/www.messinaoggi.it\/website\/wp-json\/wp\/v2\/comments?post=266235"}],"version-history":[{"count":0,"href":"https:\/\/www.messinaoggi.it\/website\/wp-json\/wp\/v2\/posts\/266235\/revisions"}],"wp:featuredmedia":[{"embeddable":true,"href":"https:\/\/www.messinaoggi.it\/website\/wp-json\/wp\/v2\/media\/266236"}],"wp:attachment":[{"href":"https:\/\/www.messinaoggi.it\/website\/wp-json\/wp\/v2\/media?parent=266235"}],"wp:term":[{"taxonomy":"category","embeddable":true,"href":"https:\/\/www.messinaoggi.it\/website\/wp-json\/wp\/v2\/categories?post=266235"},{"taxonomy":"post_tag","embeddable":true,"href":"https:\/\/www.messinaoggi.it\/website\/wp-json\/wp\/v2\/tags?post=266235"}],"curies":[{"name":"wp","href":"https:\/\/api.w.org\/{rel}","templated":true}]}}