{"id":266227,"date":"2026-05-03T11:00:21","date_gmt":"2026-05-03T09:00:21","guid":{"rendered":"http:\/\/www.messinaoggi.it\/website\/?p=266227"},"modified":"2026-05-03T11:00:23","modified_gmt":"2026-05-03T09:00:23","slug":"insulti-a-la-vardera-la-solidarieta-di-scurria","status":"publish","type":"post","link":"https:\/\/www.messinaoggi.it\/website\/2026\/05\/03\/insulti-a-la-vardera-la-solidarieta-di-scurria\/","title":{"rendered":"Insulti a La Vardera, la solidariet\u00e0 di Scurria"},"content":{"rendered":"\n<p>\u201cStigmatizzo con decisione le offese rivolte dal coordinatore di Sud chiama Nord Danilo Lo Giudice all\u2019on. Ismaele La Vardera pronunciate nel corso di una diretta social con Cateno De Luca. Insulti e volgarit\u00e0 continuano ad essere normalit\u00e0 per chi non \u00e8 all\u2019altezza di confrontarsi senza offendere. Sottolineo la gravit\u00e0 di certi atteggiamenti che manifestano bullismo politico. Ecco il livello dei leader politici di Sud chiama Nord. Ecco il vero volto di De Luca e Lo Giudice\u201d<div id=\"div-gpt-ad-Messinaoggi.it-DSK-300x250-corpoart\" style=\"text-align:center;margin:0 auto;\"><\/div><\/p>\n\n\n\n<p>Lo afferma Marcello Scurria, candidato sindaco del centrodestra.<div id=\"videoincontent\" style=\"clear:both\";><\/div><\/p>\n","protected":false},"excerpt":{"rendered":"<p>\u201cStigmatizzo con decisione le offese rivolte dal coordinatore di Sud chiama Nord Danilo Lo Giudice all\u2019on. Ismaele La Vardera pronunciate nel corso di una diretta social con Cateno De Luca. Insulti e volgarit\u00e0 continuano ad essere normalit\u00e0 per chi non \u00e8 all\u2019altezza di confrontarsi senza offendere. Sottolineo la gravit\u00e0 di certi atteggiamenti che manifestano bullismo [&hellip;]<\/p>\n","protected":false},"author":2,"featured_media":259872,"comment_status":"open","ping_status":"open","sticky":false,"template":"","format":"standard","meta":{"ub_ctt_via":"","_mi_skip_tracking":false},"categories":[6],"tags":[4307,13380,4067],"featured_image_src":"https:\/\/www.messinaoggi.it\/website\/wp-content\/uploads\/2026\/01\/Presentazione-La-Cava-2.jpeg","author_info":{"display_name":"Redazione","author_link":"https:\/\/www.messinaoggi.it\/website\/author\/redazione\/"},"digistream_id":0,"digistream":false,"_links":{"self":[{"href":"https:\/\/www.messinaoggi.it\/website\/wp-json\/wp\/v2\/posts\/266227"}],"collection":[{"href":"https:\/\/www.messinaoggi.it\/website\/wp-json\/wp\/v2\/posts"}],"about":[{"href":"https:\/\/www.messinaoggi.it\/website\/wp-json\/wp\/v2\/types\/post"}],"author":[{"embeddable":true,"href":"https:\/\/www.messinaoggi.it\/website\/wp-json\/wp\/v2\/users\/2"}],"replies":[{"embeddable":true,"href":"https:\/\/www.messinaoggi.it\/website\/wp-json\/wp\/v2\/comments?post=266227"}],"version-history":[{"count":1,"href":"https:\/\/www.messinaoggi.it\/website\/wp-json\/wp\/v2\/posts\/266227\/revisions"}],"predecessor-version":[{"id":266228,"href":"https:\/\/www.messinaoggi.it\/website\/wp-json\/wp\/v2\/posts\/266227\/revisions\/266228"}],"wp:featuredmedia":[{"embeddable":true,"href":"https:\/\/www.messinaoggi.it\/website\/wp-json\/wp\/v2\/media\/259872"}],"wp:attachment":[{"href":"https:\/\/www.messinaoggi.it\/website\/wp-json\/wp\/v2\/media?parent=266227"}],"wp:term":[{"taxonomy":"category","embeddable":true,"href":"https:\/\/www.messinaoggi.it\/website\/wp-json\/wp\/v2\/categories?post=266227"},{"taxonomy":"post_tag","embeddable":true,"href":"https:\/\/www.messinaoggi.it\/website\/wp-json\/wp\/v2\/tags?post=266227"}],"curies":[{"name":"wp","href":"https:\/\/api.w.org\/{rel}","templated":true}]}}