{"id":266184,"date":"2026-05-02T11:52:56","date_gmt":"2026-05-02T09:52:56","guid":{"rendered":"http:\/\/www.messinaoggi.it\/website\/?p=266184"},"modified":"2026-05-02T11:53:03","modified_gmt":"2026-05-02T09:53:03","slug":"esclusiva-basile-e-la-multa-annullata-adesso-chiarisca","status":"publish","type":"post","link":"https:\/\/www.messinaoggi.it\/website\/2026\/05\/02\/esclusiva-basile-e-la-multa-annullata-adesso-chiarisca\/","title":{"rendered":"ESCLUSIVA\/ Basile e la multa annullata: adesso chiarisca"},"content":{"rendered":"\n<p>Alzi la mano chi non si \u00e8 visto recapitare una multa per violazioni al codice della strada. Tanti.<div id=\"div-gpt-ad-Messinaoggi.it-DSK-300x250-corpoart\" style=\"text-align:center;margin:0 auto;\"><\/div><\/p>\n\n\n\n<p>E alzi la mano chi si \u00e8 visto annullare il verbale. Pochi, forse nessuno. <div id=\"videoincontent\" style=\"clear:both\";><\/div><\/p>\n\n\n\n<p>La vicenda che andiamo a ricostruire, sulla base di una corposa documentazione di cui siamo venuti in possesso solo da qualche giorno, risale al 2023 e vede \u201cprotagonista\u201d \u2013 salvo smentite \u2013 l\u2019allora primo cittadino <strong>Federico Basile<\/strong>. Ovviamente, attendiamo una replica per chiare i contorni dell\u2019intera questione. Documentazione in nostro possesso, peraltro suffragata da accurate verifiche documentali.<\/p>\n\n\n\n<p><strong>Verbale n. 10088397<\/strong><\/p>\n\n\n\n<p>Gli agenti della Polizia locale multano un SUV posteggiato in via <strong>Fortino<\/strong>, a <strong>Torre Faro<\/strong>, nei pressi del Pilone. Siamo in piena estate, il <strong>22 luglio del 2023<\/strong> per l\u2019esattezza, alle ore <strong>14,05<\/strong>. La zona, non senza polemiche dei residenti, da meno di una settimana \u00e8 interessata da un\u2019ordinanza sindacale, la numero 294 che impone il divieto di sosta. Ordinanza dell\u2019allora sindaco <strong>Federico Basile<\/strong>.<\/p>\n\n\n\n<p>La vettura in questione \u00e8 posteggiata proprio in  divieto di sosta, sugli stalli blu: arrivano gli agenti municipale ed elevano i verbali, con la rimozione immediata dei mezzi a tutte le vetture posteggiate. Pare fosse stato disposto uno specifico servizio di controllo dell\u2019intera zona.<\/p>\n\n\n\n<p><strong>Multate le auto al Pilone<\/strong><\/p>\n\n\n\n<p>Fra le autovetture posteggiate c\u2019\u00e8 una \u201c<em>Land Rover Discovery<\/em>\u201d, intestata a un messinese residente nella zona Sud della citt\u00e0, ma a quanto pare in uso all\u2019allora sindaco di Messina, <strong>Federico Basile<\/strong>.<\/p>\n\n\n\n<p>Il verbale, in assenza del proprietario del mezzo, viene riposto sotto il tergicristalli, e nel frattempo viene chiamato il carroattrezzi dell\u2019<strong>ATM<\/strong> per la relativa rimozione. Multa di <strong>42 euro<\/strong>, ma se pagata entro <strong>5 giorni<\/strong> si beneficia della riduzione pari ad euro <strong>29,40<\/strong>.<\/p>\n\n\n\n<figure class=\"wp-block-image size-large\"><img loading=\"lazy\" width=\"819\" height=\"1024\" src=\"http:\/\/www.messinaoggi.it\/website\/wp-content\/uploads\/2026\/05\/VIA-BATTISTI-2-819x1024.jpg\" alt=\"\" class=\"wp-image-266186\" srcset=\"https:\/\/www.messinaoggi.it\/website\/wp-content\/uploads\/2026\/05\/VIA-BATTISTI-2-819x1024.jpg 819w, https:\/\/www.messinaoggi.it\/website\/wp-content\/uploads\/2026\/05\/VIA-BATTISTI-2-240x300.jpg 240w, https:\/\/www.messinaoggi.it\/website\/wp-content\/uploads\/2026\/05\/VIA-BATTISTI-2-768x960.jpg 768w, https:\/\/www.messinaoggi.it\/website\/wp-content\/uploads\/2026\/05\/VIA-BATTISTI-2.jpg 1080w\" sizes=\"(max-width: 819px) 100vw, 819px\" \/><figcaption><strong>Il grafico con la multa annulla e il verbale di riconsegna del mezzo prelevato<\/strong><\/figcaption><\/figure>\n\n\n\n<p><strong>Parte il carroattrezzi<\/strong><\/p>\n\n\n\n<p>Il mezzo per la rimozione della vettura parte dal piazzale di via La Farina, dove con molta probabilit\u00e0 aveva scaricato altre vetture prelevate in divieto di sosta, e giunge in via Fortino.<\/p>\n\n\n\n<p>Gli addetti iniziano le operazioni per caricare la \u201cLand Rover\u201d e a questo punto si materializza l\u2019allora sindaco Federico Basile, dicendo \u2013 come risulta dai documenti in nostro possesso \u2013 di avere in uso la vettura.<\/p>\n\n\n\n<p><strong>Si palesa Federico Basile<\/strong><\/p>\n\n\n\n<p>Il mezzo viene \u201crilasciato\u201d tant\u2019\u00e8 che <strong>Federico<\/strong> <strong>Basile<\/strong> sottoscrive il verbale di restituzione della vettura con l\u2019indicazione del pagamento di <strong>113 euro<\/strong> (<em>non siamo in grado di sapere se la somma sia stata pagata<\/em>).<\/p>\n\n\n\n<p>La somma deriva dalle voci: diritto di chiamata (<strong>18 euro<\/strong>); operazioni connesse al carico e scarico del veicolo (<strong>35 euro<\/strong>); indennit\u00e0 chilometrica (<strong>60 euro<\/strong>).<\/p>\n\n\n\n<p>Siamo comunque certi, invece, che il verbale sia stato annullato per \u201c<strong><em>Stato di necessit\u00e0<\/em><\/strong>\u201d (<em>non sappiamo se Basile o chi per lui abbia pagato la multa, questo comunque non lo possiamo escludere<\/em>). Tuttavia, dal materiale in nostro possesso risulta emergere dai documenti di viaggio interni di ATM che la \u201ccorsa\u201d del carroattrezzi sia stata interrotta. Come se non vi fosse pi\u00f9 la necessit\u00e0 della rimozione della vettura. Tuttavia il mezzo deputato alla rimozione \u00e8 arrivato a destinazione come si vede nella foto di copertina.<\/p>\n\n\n\n<p><strong>Il selfie in via Fortino<\/strong><\/p>\n\n\n\n<p>La multa risulta annullata per \u201c<em>stato di necessit\u00e0<\/em>\u201d ma a quanto pare, l\u2019allora sindaco, ha trovato il tempo per farsi una bella \u201c<em>foto ricordo<\/em>\u201d con gli operatori di ATM (compreso l\u2019autista del carroattrezzi), per immortalare il momento. Una foto che \u00e8 entrata nel \u201ccircuito interno\u201d di ATM assieme alle foto dell\u2019auto in sosta vietata.<\/p>\n\n\n\n<p><strong>Basile adesso chiarisca<\/strong><\/p>\n\n\n\n<p>In primo luogo chiarisca se mai la multa e il \u201cconto\u201d di ATM siano stati pagati. Siamo certi che da sindaco abbia assolto al dovere di tutti i cittadini.<\/p>\n\n\n\n<p>L\u2019altro aspetto da chiarire riguarda l\u2019annullamento del verbale. In cosa sarebbe consistito lo \u201cstato di necessit\u00e0\u201d?<\/p>\n\n\n\n<p>Domande alle quali l\u2019allora sindaco \u00e8 tenuto a dare delle risposte.<\/p>\n\n\n\n<p><strong>D. Gam.<\/strong><\/p>\n","protected":false},"excerpt":{"rendered":"<p>Alzi la mano chi non si \u00e8 visto recapitare una multa per violazioni al codice della strada. Tanti. E alzi la mano chi si \u00e8 visto annullare il verbale. Pochi, forse nessuno. La vicenda che andiamo a ricostruire, sulla base di una corposa documentazione di cui siamo venuti in possesso solo da qualche giorno, risale [&hellip;]<\/p>\n","protected":false},"author":2,"featured_media":266185,"comment_status":"open","ping_status":"open","sticky":false,"template":"","format":"standard","meta":{"ub_ctt_via":"","_mi_skip_tracking":false},"categories":[19],"tags":[1004,13377,2972,12522],"featured_image_src":"https:\/\/www.messinaoggi.it\/website\/wp-content\/uploads\/2026\/05\/BASILE-FEDERICO.jpg","author_info":{"display_name":"Redazione","author_link":"https:\/\/www.messinaoggi.it\/website\/author\/redazione\/"},"digistream_id":0,"digistream":false,"_links":{"self":[{"href":"https:\/\/www.messinaoggi.it\/website\/wp-json\/wp\/v2\/posts\/266184"}],"collection":[{"href":"https:\/\/www.messinaoggi.it\/website\/wp-json\/wp\/v2\/posts"}],"about":[{"href":"https:\/\/www.messinaoggi.it\/website\/wp-json\/wp\/v2\/types\/post"}],"author":[{"embeddable":true,"href":"https:\/\/www.messinaoggi.it\/website\/wp-json\/wp\/v2\/users\/2"}],"replies":[{"embeddable":true,"href":"https:\/\/www.messinaoggi.it\/website\/wp-json\/wp\/v2\/comments?post=266184"}],"version-history":[{"count":1,"href":"https:\/\/www.messinaoggi.it\/website\/wp-json\/wp\/v2\/posts\/266184\/revisions"}],"predecessor-version":[{"id":266187,"href":"https:\/\/www.messinaoggi.it\/website\/wp-json\/wp\/v2\/posts\/266184\/revisions\/266187"}],"wp:featuredmedia":[{"embeddable":true,"href":"https:\/\/www.messinaoggi.it\/website\/wp-json\/wp\/v2\/media\/266185"}],"wp:attachment":[{"href":"https:\/\/www.messinaoggi.it\/website\/wp-json\/wp\/v2\/media?parent=266184"}],"wp:term":[{"taxonomy":"category","embeddable":true,"href":"https:\/\/www.messinaoggi.it\/website\/wp-json\/wp\/v2\/categories?post=266184"},{"taxonomy":"post_tag","embeddable":true,"href":"https:\/\/www.messinaoggi.it\/website\/wp-json\/wp\/v2\/tags?post=266184"}],"curies":[{"name":"wp","href":"https:\/\/api.w.org\/{rel}","templated":true}]}}