{"id":266141,"date":"2026-05-01T00:08:27","date_gmt":"2026-04-30T22:08:27","guid":{"rendered":"https:\/\/www.messinaoggi.it\/website\/2026\/05\/01\/infantino-liran-sara-ai-mondiali-e-giochera-negli-usa\/"},"modified":"2026-05-01T00:08:27","modified_gmt":"2026-04-30T22:08:27","slug":"infantino-liran-sara-ai-mondiali-e-giochera-negli-usa","status":"publish","type":"post","link":"https:\/\/www.messinaoggi.it\/website\/2026\/05\/01\/infantino-liran-sara-ai-mondiali-e-giochera-negli-usa\/","title":{"rendered":"Infantino \u201cL\u2019Iran sar\u00e0 ai Mondiali e giocher\u00e0 negli Usa\u201d"},"content":{"rendered":"<div>VANCOUVER (CANADA) (ITALPRESS) &#8211; &#8220;Per cominciare, voglio confermare senza ambiguit\u00e0 che l&#8217;Iran parteciper\u00e0 ovviamente alla Coppa del Mondo 2026. E naturalmente l&#8217;Iran giocher\u00e0 negli Stati Uniti&#8221;. In occasione del 76esimo Congresso Fifa a Vancouver, Gianni Infantino ha ribadito una volta di pi\u00f9 che la partecipazione del Team Melli al prossimo Mondiale non \u00e8 in discussione nonostante il conflitto sull&#8217;asse Washington-Teheran. &#8220;Noi dobbiamo unire le persone, \u00e8 la mia e la nostra responsabilit\u00e0. Il calcio e la Fifa uniscono il mondo &#8211; ha aggiunto Infantino nel suo intervento &#8211; Dobbiamo essere positivi, sorridenti, felici: ci sono nel mondo abbastanza problemi, abbastanza persone che cercando di dividere. Se nessuno prova a unire la gente, cosa succeder\u00e0 al nostro mondo? Abbiamo questa opportunit\u00e0. Insieme siamo imbattibili&#8221;. Il numero uno della Federazione internazionale ha dunque voluto scacciare ogni dubbio per quanto, all&#8217;inizio delle ostilit\u00e0, lo stesso governo iraniano avesse paventato la possibilit\u00e0 di boicottare la Coppa del Mondo. Le incertezze sulla partecipazione dell&#8217;Iran erano aumentate anche dopo il messaggio di Trump (&#8220;La nazionale iraniana \u00e8 la benvenuta ai Mondiali ma non credo davvero sia opportuno che vi prenda parte, per la loro stessa vita e sicurezza&#8221;) e da Teheran era partita la richiesta, non accolta, di spostare le gare delle nazionale in Messico. Alla fine, per\u00f2, tutto dovrebbe svolgersi secondo programma con il Team Melli, nel girone G con Belgio, Egitto e Nuova Zelanda, che giocher\u00e0 come da calendario le sue partite a Los Angeles e Seattle. L&#8217;annuncio di Infantino arriva fra l&#8217;altro dopo che una delegazione della Federcalcio iraniana si era vista negare l&#8217;ingresso in Canada in vista proprio del Congresso Fifa.<br \/>&#8211; foto Ipa Agency &#8211;<br \/>(ITALPRESS).<\/div>\n<div id=\"div-gpt-ad-Messinaoggi.it-DSK-300x250-corpoart\" style=\"text-align:center;margin:0 auto;\"><\/div><\/p><div id=\"videoincontent\" style=\"clear:both\";><\/div>","protected":false},"excerpt":{"rendered":"<p>VANCOUVER (CANADA) (ITALPRESS) &#8211; &#8220;Per cominciare, voglio confermare senza ambiguit\u00e0 che l&#8217;Iran parteciper\u00e0 ovviamente alla Coppa del Mondo 2026. E naturalmente l&#8217;Iran giocher\u00e0 negli Stati Uniti&#8221;. In occasione del 76esimo Congresso Fifa a Vancouver, Gianni Infantino ha ribadito una volta di pi\u00f9 che la partecipazione del Team Melli al prossimo Mondiale non \u00e8 in discussione [&hellip;]<\/p>\n","protected":false},"author":18,"featured_media":266142,"comment_status":"closed","ping_status":"closed","sticky":false,"template":"","format":"standard","meta":{"ub_ctt_via":"","_mi_skip_tracking":false},"categories":[446],"tags":[783],"featured_image_src":"https:\/\/www.messinaoggi.it\/website\/wp-content\/uploads\/2026\/05\/20260430_3206.jpg","author_info":{"display_name":"Admin","author_link":"https:\/\/www.messinaoggi.it\/website\/author\/admin\/"},"digistream_id":0,"digistream":false,"_links":{"self":[{"href":"https:\/\/www.messinaoggi.it\/website\/wp-json\/wp\/v2\/posts\/266141"}],"collection":[{"href":"https:\/\/www.messinaoggi.it\/website\/wp-json\/wp\/v2\/posts"}],"about":[{"href":"https:\/\/www.messinaoggi.it\/website\/wp-json\/wp\/v2\/types\/post"}],"author":[{"embeddable":true,"href":"https:\/\/www.messinaoggi.it\/website\/wp-json\/wp\/v2\/users\/18"}],"replies":[{"embeddable":true,"href":"https:\/\/www.messinaoggi.it\/website\/wp-json\/wp\/v2\/comments?post=266141"}],"version-history":[{"count":0,"href":"https:\/\/www.messinaoggi.it\/website\/wp-json\/wp\/v2\/posts\/266141\/revisions"}],"wp:featuredmedia":[{"embeddable":true,"href":"https:\/\/www.messinaoggi.it\/website\/wp-json\/wp\/v2\/media\/266142"}],"wp:attachment":[{"href":"https:\/\/www.messinaoggi.it\/website\/wp-json\/wp\/v2\/media?parent=266141"}],"wp:term":[{"taxonomy":"category","embeddable":true,"href":"https:\/\/www.messinaoggi.it\/website\/wp-json\/wp\/v2\/categories?post=266141"},{"taxonomy":"post_tag","embeddable":true,"href":"https:\/\/www.messinaoggi.it\/website\/wp-json\/wp\/v2\/tags?post=266141"}],"curies":[{"name":"wp","href":"https:\/\/api.w.org\/{rel}","templated":true}]}}