{"id":266137,"date":"2026-04-30T22:08:29","date_gmt":"2026-04-30T20:08:29","guid":{"rendered":"https:\/\/www.messinaoggi.it\/website\/2026\/04\/30\/sanita-via-libera-al-piano-pandemico-2025-2029\/"},"modified":"2026-04-30T22:08:29","modified_gmt":"2026-04-30T20:08:29","slug":"sanita-via-libera-al-piano-pandemico-2025-2029","status":"publish","type":"post","link":"https:\/\/www.messinaoggi.it\/website\/2026\/04\/30\/sanita-via-libera-al-piano-pandemico-2025-2029\/","title":{"rendered":"Sanit\u00e0, via libera al Piano Pandemico 2025-2029"},"content":{"rendered":"<div>ROMA (ITALPRESS) &#8211; La Conferenza Stato-Regioni ha dato il via libera oggi al nuovo Piano Pandemico 2025-2029. &#8220;L&#8217;approvazione del nuovo Piano rappresenta un importante risultato politico, tecnico e istituzionale e un passaggio cruciale per il rafforzamento e la crescita del nostro sistema sanitario e istituzionale&#8221;, dichiara il ministro della Salute Orazio Schillaci.<br \/>Il Piano approvato oggi, rispetto al precedente del 2021-2023, ha una durata quinquennale e definisce un approccio metodologico che pu\u00f2 essere applicato a pandemie con diverse caratteristiche epidemiologiche in termini di trasmissibilit\u00e0, patogenicit\u00e0 e impatto su salute e servizi sanitari. Il Piano presenta un&#8217;innovazione programmatoria sia nell&#8217;approccio che nella definizione delle azioni: \u00e8 la prima strategia unitaria di preparazione e risposta a potenziali pandemie a trasmissione respiratoria, e non \u00e8 solo rivolto a singoli patogeni. Il documento \u00e8 stato elaborato con il contributo delle Istituzioni nazionali, delle Regioni e di esperti.<br \/>&#8220;Il Piano si fonda su un principio chiaro: garantire sicurezza, trasparenza e coordinamento tra tutti i livelli istituzionali. Il dialogo continuo tra Governo e Regioni si \u00e8 basato su un obiettivo comune: la tutela dei cittadini e della salute pubblica. Il governo &#8211; aggiunge Schillaci &#8211; ha stanziato oltre 1,1 miliardi di euro per potenziare prevenzione, capacit\u00e0 di laboratorio e scorte strategiche, consolidando il coordinamento tra livello nazionale e territoriale&#8221;.<br \/>Il Piano punta a garantire &#8220;una risposta tempestiva e coordinata tra livello nazionale e territoriale a tutela della salute di cittadini e operatori sanitari introducendo un insieme di innovazioni &#8211; spiega il ministero in una nota -: digitalizzazione dei sistemi di monitoraggio epidemiologico, utilizzo avanzato dei dati per la prevenzione, rafforzamento delle piattaforme di sorveglianza e sviluppo di protocolli flessibili e adattivi. Queste soluzioni permetteranno una risposta pi\u00f9 rapida, efficace e mirata in caso di futura emergenza. Il documento introduce una pianificazione per fasi operative, con azioni definite e responsabilit\u00e0 chiare&#8221;.<div id=\"div-gpt-ad-Messinaoggi.it-DSK-300x250-corpoart\" style=\"text-align:center;margin:0 auto;\"><\/div><\/p>\n<p>&#8211; Foto IPA Agency &#8211;<div id=\"videoincontent\" style=\"clear:both\";><\/div><\/p>\n<p>(ITALPRESS).<\/p><\/div>\n","protected":false},"excerpt":{"rendered":"<p>ROMA (ITALPRESS) &#8211; La Conferenza Stato-Regioni ha dato il via libera oggi al nuovo Piano Pandemico 2025-2029. &#8220;L&#8217;approvazione del nuovo Piano rappresenta un importante risultato politico, tecnico e istituzionale e un passaggio cruciale per il rafforzamento e la crescita del nostro sistema sanitario e istituzionale&#8221;, dichiara il ministro della Salute Orazio Schillaci.Il Piano approvato oggi, [&hellip;]<\/p>\n","protected":false},"author":18,"featured_media":266138,"comment_status":"closed","ping_status":"closed","sticky":false,"template":"","format":"standard","meta":{"ub_ctt_via":"","_mi_skip_tracking":false},"categories":[446],"tags":[783],"featured_image_src":"https:\/\/www.messinaoggi.it\/website\/wp-content\/uploads\/2026\/04\/20260430_3065.jpg","author_info":{"display_name":"Admin","author_link":"https:\/\/www.messinaoggi.it\/website\/author\/admin\/"},"digistream_id":0,"digistream":false,"_links":{"self":[{"href":"https:\/\/www.messinaoggi.it\/website\/wp-json\/wp\/v2\/posts\/266137"}],"collection":[{"href":"https:\/\/www.messinaoggi.it\/website\/wp-json\/wp\/v2\/posts"}],"about":[{"href":"https:\/\/www.messinaoggi.it\/website\/wp-json\/wp\/v2\/types\/post"}],"author":[{"embeddable":true,"href":"https:\/\/www.messinaoggi.it\/website\/wp-json\/wp\/v2\/users\/18"}],"replies":[{"embeddable":true,"href":"https:\/\/www.messinaoggi.it\/website\/wp-json\/wp\/v2\/comments?post=266137"}],"version-history":[{"count":0,"href":"https:\/\/www.messinaoggi.it\/website\/wp-json\/wp\/v2\/posts\/266137\/revisions"}],"wp:featuredmedia":[{"embeddable":true,"href":"https:\/\/www.messinaoggi.it\/website\/wp-json\/wp\/v2\/media\/266138"}],"wp:attachment":[{"href":"https:\/\/www.messinaoggi.it\/website\/wp-json\/wp\/v2\/media?parent=266137"}],"wp:term":[{"taxonomy":"category","embeddable":true,"href":"https:\/\/www.messinaoggi.it\/website\/wp-json\/wp\/v2\/categories?post=266137"},{"taxonomy":"post_tag","embeddable":true,"href":"https:\/\/www.messinaoggi.it\/website\/wp-json\/wp\/v2\/tags?post=266137"}],"curies":[{"name":"wp","href":"https:\/\/api.w.org\/{rel}","templated":true}]}}