{"id":266131,"date":"2026-04-30T22:08:24","date_gmt":"2026-04-30T20:08:24","guid":{"rendered":"https:\/\/www.messinaoggi.it\/website\/2026\/04\/30\/via-libera-dal-cdm-al-piano-casa-meloni-poniamo-basi-contro-emergenza-abitativa\/"},"modified":"2026-04-30T22:08:24","modified_gmt":"2026-04-30T20:08:24","slug":"via-libera-dal-cdm-al-piano-casa-meloni-poniamo-basi-contro-emergenza-abitativa","status":"publish","type":"post","link":"https:\/\/www.messinaoggi.it\/website\/2026\/04\/30\/via-libera-dal-cdm-al-piano-casa-meloni-poniamo-basi-contro-emergenza-abitativa\/","title":{"rendered":"Via libera dal Cdm al Piano Casa, Meloni \u201cPoniamo basi contro emergenza abitativa\u201d"},"content":{"rendered":"<div>ROMA (ITALPRESS) &#8211; Il Consiglio dei ministri ha approvato il decreto legge con le &#8220;disposizioni urgenti per la realizzazione del Piano Casa&#8221;.<br \/>&#8220;Il Consiglio dei Ministri ha approvato un provvedimento che ci sta particolarmente a cuore, corposo, articolato che affronta una delle priorit\u00e0 pi\u00f9 sentito dai cittadini, il tema della casa, la possibilit\u00e0 di accedere ad un alloggio di qualit\u00e0 a prezzi accessibili, la casa \u00e8 un bene primario&#8221;, ha detto il presidente del Consiglio, Giorgia Meloni, nel corso della conferenza stampa al termine del Cdm.<br \/>&#8220;Il problema&#8221; dell&#8217;emergenza abitativa esiste ovunque, &#8220;non riguarda solamente le grandi citt\u00e0 come Milano, Roma, Firenze, Napoli, il problema esiste ovunque, anche nelle grandi citt\u00e0 del sud &#8211; ha spiegato Meloni -. Noi pensiamo che lo Stato debba da una parte chiaramente porsi il tema di come rafforzare la risposta dell&#8217;edilizia residenziale pubblica, ma dall&#8217;altro debba anche rispondere a questa necessit\u00e0 &#8211; ha aggiunto &#8211; che si rivolge a una fetta di popolazione diversa, ed \u00e8 quello che facciamo con questo decreto legge che pone le basi per realizzare, in Italia, un vasto piano casa in grado di rispondere a questo ed ad altri problemi legati alla casa&#8221;.<br \/>Il presidente del Consiglio ha ringraziato &#8220;il ministro Salvini, il ministro Foti per il lavoro fatto, il ministero dell&#8217;Economia e delle Finanze, il presidente dell&#8217;Anci Manfredi, il presidente della Conferenza delle Regioni, Massimiliano Fedriga&#8221;.<br \/>&#8220;Sulla questione della casa si pu\u00f2 lavorare tutti insieme, indipendentemente dall&#8217;appartenenza politica &#8211; ha sottolineato il premier -. Questo provvedimento poggia su tre pilastri: il primo prevede interventi straordinari per il recupero e la manutenzione del patrimonio gi\u00e0 esistente di edilizia residenziale pubblica, l&#8217;obiettivo che ci diamo \u00e8 quello di rendere disponibili 60 mila alloggi che oggi non si possono assegnare, per questo prevediamo un miliardo e 700 milioni, pi\u00f9 4,8 miliardi che sono stanziati per la rigenerazione urbana, dopo di che immaginiamo la nomina di un commissario straordinario, e una serie di meccanismi per quanto riguarda la casa a riscatto&#8221;.<br \/>&#8220;Il secondo pilastro \u00e8 una concentrazione e semplificazione di tutte le risorse nazionali, europee destinate all&#8217;emergenza abitativa in un unico strumento, parliamo di oltre 3,6 miliardi di euro che vogliamo concentrare su obiettivi comuni &#8211; ha spiegato ancora Meloni -. Il terzo pilastro rappresenta una innovazione e crea le condizioni per coinvolgere anche robusti investimenti privati nell&#8217;attuazione di questo piano casa. Non ragioniamo sui fondi pubblici, abbiamo immaginato che lo Stato assicura al privato che vuole investire semplificazioni burocratiche, procedure veloci&#8221;.<div id=\"div-gpt-ad-Messinaoggi.it-DSK-300x250-corpoart\" style=\"text-align:center;margin:0 auto;\"><\/div><\/p>\n<p>&#8211; Foto IPA Agency &#8211;<div id=\"videoincontent\" style=\"clear:both\";><\/div><\/p>\n<p>(ITALPRESS).<\/p><\/div>\n","protected":false},"excerpt":{"rendered":"<p>ROMA (ITALPRESS) &#8211; Il Consiglio dei ministri ha approvato il decreto legge con le &#8220;disposizioni urgenti per la realizzazione del Piano Casa&#8221;.&#8220;Il Consiglio dei Ministri ha approvato un provvedimento che ci sta particolarmente a cuore, corposo, articolato che affronta una delle priorit\u00e0 pi\u00f9 sentito dai cittadini, il tema della casa, la possibilit\u00e0 di accedere ad [&hellip;]<\/p>\n","protected":false},"author":18,"featured_media":266132,"comment_status":"closed","ping_status":"closed","sticky":false,"template":"","format":"standard","meta":{"ub_ctt_via":"","_mi_skip_tracking":false},"categories":[446],"tags":[783],"featured_image_src":"https:\/\/www.messinaoggi.it\/website\/wp-content\/uploads\/2026\/04\/20260430_2914.jpg","author_info":{"display_name":"Admin","author_link":"https:\/\/www.messinaoggi.it\/website\/author\/admin\/"},"digistream_id":0,"digistream":false,"_links":{"self":[{"href":"https:\/\/www.messinaoggi.it\/website\/wp-json\/wp\/v2\/posts\/266131"}],"collection":[{"href":"https:\/\/www.messinaoggi.it\/website\/wp-json\/wp\/v2\/posts"}],"about":[{"href":"https:\/\/www.messinaoggi.it\/website\/wp-json\/wp\/v2\/types\/post"}],"author":[{"embeddable":true,"href":"https:\/\/www.messinaoggi.it\/website\/wp-json\/wp\/v2\/users\/18"}],"replies":[{"embeddable":true,"href":"https:\/\/www.messinaoggi.it\/website\/wp-json\/wp\/v2\/comments?post=266131"}],"version-history":[{"count":0,"href":"https:\/\/www.messinaoggi.it\/website\/wp-json\/wp\/v2\/posts\/266131\/revisions"}],"wp:featuredmedia":[{"embeddable":true,"href":"https:\/\/www.messinaoggi.it\/website\/wp-json\/wp\/v2\/media\/266132"}],"wp:attachment":[{"href":"https:\/\/www.messinaoggi.it\/website\/wp-json\/wp\/v2\/media?parent=266131"}],"wp:term":[{"taxonomy":"category","embeddable":true,"href":"https:\/\/www.messinaoggi.it\/website\/wp-json\/wp\/v2\/categories?post=266131"},{"taxonomy":"post_tag","embeddable":true,"href":"https:\/\/www.messinaoggi.it\/website\/wp-json\/wp\/v2\/tags?post=266131"}],"curies":[{"name":"wp","href":"https:\/\/api.w.org\/{rel}","templated":true}]}}