{"id":266121,"date":"2026-04-30T18:08:25","date_gmt":"2026-04-30T16:08:25","guid":{"rendered":"https:\/\/www.messinaoggi.it\/website\/2026\/04\/30\/stati-generali-dellamiloidosi-cardiaca-focus-su-diagnosi-precoce-e-innovazione\/"},"modified":"2026-04-30T18:08:25","modified_gmt":"2026-04-30T16:08:25","slug":"stati-generali-dellamiloidosi-cardiaca-focus-su-diagnosi-precoce-e-innovazione","status":"publish","type":"post","link":"https:\/\/www.messinaoggi.it\/website\/2026\/04\/30\/stati-generali-dellamiloidosi-cardiaca-focus-su-diagnosi-precoce-e-innovazione\/","title":{"rendered":"Stati Generali dell\u2019Amiloidosi Cardiaca, focus su diagnosi precoce e innovazione"},"content":{"rendered":"<div>ROMA (ITALPRESS) &#8211; Si sono svolti oggi a Roma presso la Sala Zuccari del Senato della Repubblica gli Stati Generali dell&#8217;Amiloidosi Cardiaca, evento promosso su iniziativa della senatrice Elena Murelli, Membro 10^ Commissione e Presidente dell&#8217;Intergruppo Parlamentare sulle Malattie Cardio, Cerebro e Vascolari, che ha riunito Istituzioni, clinici, societ\u00e0 scientifiche e associazioni di pazienti, al fine di gettare le basi per un confronto sulla promozione della diagnosi precoce della patologia, sul consolidamento di modelli di presa in carico strutturati e sulla valorizzazione dell&#8217;innovazione a supporto delle pratiche cliniche, in quanto snodi prioritari per una gestione della patologia centrata sul paziente.<br \/>Nel corso dell&#8217;iniziativa, realizzata con il contributo non condizionante di Bayer Italia, \u00e8 stata ribadita l&#8217;urgenza di rafforzare la capacit\u00e0 del sistema salute di intercettare precocemente i pazienti. In questo quadro, la senatrice Elena Murelli ha sottolineato come \u00abl&#8217;amiloidosi cardiaca richieda oggi un&#8217;attenzione istituzionale proporzionata alla complessit\u00e0 della patologia e all&#8217;impatto che essa produce sui pazienti e sulle loro famiglie. E&#8217; necessario valorizzare indirizzi e politiche che rendano pi\u00f9 tempestiva la diagnosi e pi\u00f9 efficaci i modelli di presa in carico, rafforzando i percorsi di cura e l&#8217;integrazione tra territorio e centri di riferimento. E&#8217; inoltre essenziale promuovere strumenti di governance capaci di ridurre le disomogeneit\u00e0 territoriali e garantire continuit\u00e0 assistenziale lungo l&#8217;intero patient journey\u00bb.<br \/>Marco Salvatore, Direttore della Struttura Interdipartimentale Malattie Rare Senza Diagnosi del Centro Nazionale Malattie Rare dell&#8217;Istituto Superiore di Sanit\u00e0, durante il suo intervento sul ruolo della disponibilit\u00e0 dei dati clinici, ha evidenziato che \u00abil registro nazionale dedicato rappresenta un&#8217;infrastruttura essenziale per produrre evidenze utili alla programmazione sanitaria. La collaborazione tra Istituto Superiore di Sanit\u00e0, ANMCO e SIC, attraverso cui \u00e8 stato promosso il registro dedicato, permette di costruire una base dati condivisa che potr\u00e0 essere utilizzata per monitorare l&#8217;impatto delle strategie assistenziali\u00bb.<br \/>Il confronto ha richiamato la centralit\u00e0 della rete e della definizione di regole condivise per rendere il modello Hub &amp; Spoke &#8211; di raccordo tra centri di riferimento e quelli periferici &#8211; effettivamente operativo. Fabrizio Oliva, Past President ANMCO, ha richiamato come \u00abl&#8217;implementazione del PDTA promosso da ANMCO e SIC rappresenta uno strumento per rendere omogenei i flussi di invio e contro-invio dei pazienti tra centri di riferimento e medicina territoriale e definire con chiarezza i ruoli del team multidisciplinare. Consolidare un raccordo funzionale tra centri significa ridurre le disomogeneit\u00e0 territoriali e rendere pi\u00f9 tempestivo l&#8217;accesso del paziente al percorso di cura\u00bb.<br \/>\u00abLa diagnosi precoce richiede regole operative applicabili nella pratica clinica territoriale, capaci di trasformare il sospetto in un percorso strutturato &#8211; ha sottolineato Giuseppe Limongelli, Direttore del Centro Coordinamento Malattie Rare della Regione Campania e Delegato SIC &#8211; diffondere la cultura del sospetto implica rendere sistematico il riconoscimento delle red flags patologiche e considerare anche la fragilit\u00e0 funzionale come elemento clinico utile a sviluppare approfondimenti diagnostici\u00bb.<br \/>E&#8217; stato poi approfondito il ruolo della telemedicina come leva organizzativa per garantire maggiore continuit\u00e0 assistenziale. Francesco Cappelli, Referente del Centro per lo Studio e la Cura dell&#8217;Amiloidosi A.O.U Careggi Firenze ha evidenziato come \u00abla telemedicina rappresenta uno strumento utile per rafforzare la presa in carico e il follow-up clinico, migliorando il raccordo tra i diversi livelli assistenziali e riducendo eventuali discontinuit\u00e0 nella gestione del paziente. Se integrata in modo strutturato nei processi clinici, consente di rafforzare la risposta assistenziale, soprattutto nei centri ad alto volume\u00bb. Un ulteriore focus ha riguardato il contributo dell&#8217;Intelligenza Artificiale nel rafforzare i processi clinici lungo il patient journey. \u00abL&#8217;IA pu\u00f2 supportare la stratificazione del rischio patologico attraverso un&#8217;organizzazione strutturata dei dati, ma l&#8217;innovazione produce impatto solo se \u00e8 governata e integrata nella pratica clinica &#8211; ha sottolineato Giovanni Palladini, Professore Ordinario di Biochimica Clinica e Biologia Molecolare Clinica dell&#8217;Universit\u00e0 di Pavia &#8211; per questo la formazione degli operatori sanitari e la definizione di modelli che garantiscano diagnosi precoci sono condizioni abilitanti imprescindibili che migliorano, nel complesso, l&#8217;adozione della tecnologia lungo il percorso di cura\u00bb.<br \/>Attraverso l&#8217;evento \u00e8 stata sottolineata l&#8217;importanza di sostenere l&#8217;impegno condiviso di rafforzare la diagnosi precoce e la governance dei percorsi patologici, fornendo una base operativa finalizzata a strutturare modelli assistenziali capaci di mettere al centro il paziente nel percorso di cura e tutelarne la qualit\u00e0 di vita.<br \/>-foto ufficio stampa Esperia Advocacy &#8211; <br \/>(ITALPRESS).<\/div>\n<div id=\"div-gpt-ad-Messinaoggi.it-DSK-300x250-corpoart\" style=\"text-align:center;margin:0 auto;\"><\/div><\/p><div id=\"videoincontent\" style=\"clear:both\";><\/div>","protected":false},"excerpt":{"rendered":"<p>ROMA (ITALPRESS) &#8211; Si sono svolti oggi a Roma presso la Sala Zuccari del Senato della Repubblica gli Stati Generali dell&#8217;Amiloidosi Cardiaca, evento promosso su iniziativa della senatrice Elena Murelli, Membro 10^ Commissione e Presidente dell&#8217;Intergruppo Parlamentare sulle Malattie Cardio, Cerebro e Vascolari, che ha riunito Istituzioni, clinici, societ\u00e0 scientifiche e associazioni di pazienti, al [&hellip;]<\/p>\n","protected":false},"author":18,"featured_media":266122,"comment_status":"closed","ping_status":"closed","sticky":false,"template":"","format":"standard","meta":{"ub_ctt_via":"","_mi_skip_tracking":false},"categories":[446],"tags":[783],"featured_image_src":"https:\/\/www.messinaoggi.it\/website\/wp-content\/uploads\/2026\/04\/20260430_2237.jpg","author_info":{"display_name":"Admin","author_link":"https:\/\/www.messinaoggi.it\/website\/author\/admin\/"},"digistream_id":0,"digistream":false,"_links":{"self":[{"href":"https:\/\/www.messinaoggi.it\/website\/wp-json\/wp\/v2\/posts\/266121"}],"collection":[{"href":"https:\/\/www.messinaoggi.it\/website\/wp-json\/wp\/v2\/posts"}],"about":[{"href":"https:\/\/www.messinaoggi.it\/website\/wp-json\/wp\/v2\/types\/post"}],"author":[{"embeddable":true,"href":"https:\/\/www.messinaoggi.it\/website\/wp-json\/wp\/v2\/users\/18"}],"replies":[{"embeddable":true,"href":"https:\/\/www.messinaoggi.it\/website\/wp-json\/wp\/v2\/comments?post=266121"}],"version-history":[{"count":0,"href":"https:\/\/www.messinaoggi.it\/website\/wp-json\/wp\/v2\/posts\/266121\/revisions"}],"wp:featuredmedia":[{"embeddable":true,"href":"https:\/\/www.messinaoggi.it\/website\/wp-json\/wp\/v2\/media\/266122"}],"wp:attachment":[{"href":"https:\/\/www.messinaoggi.it\/website\/wp-json\/wp\/v2\/media?parent=266121"}],"wp:term":[{"taxonomy":"category","embeddable":true,"href":"https:\/\/www.messinaoggi.it\/website\/wp-json\/wp\/v2\/categories?post=266121"},{"taxonomy":"post_tag","embeddable":true,"href":"https:\/\/www.messinaoggi.it\/website\/wp-json\/wp\/v2\/tags?post=266121"}],"curies":[{"name":"wp","href":"https:\/\/api.w.org\/{rel}","templated":true}]}}