{"id":266109,"date":"2026-04-30T14:08:30","date_gmt":"2026-04-30T12:08:30","guid":{"rendered":"https:\/\/www.messinaoggi.it\/website\/2026\/04\/30\/iran-mojtaba-khamenei-si-apre-una-nuova-fase-nel-golfo\/"},"modified":"2026-04-30T14:08:30","modified_gmt":"2026-04-30T12:08:30","slug":"iran-mojtaba-khamenei-si-apre-una-nuova-fase-nel-golfo","status":"publish","type":"post","link":"https:\/\/www.messinaoggi.it\/website\/2026\/04\/30\/iran-mojtaba-khamenei-si-apre-una-nuova-fase-nel-golfo\/","title":{"rendered":"Iran, Mojtaba Khamenei \u201cSi apre una nuova fase nel Golfo\u201d"},"content":{"rendered":"<div>TEHERAN (ITALPRESS) &#8211; <strong>Il Leader Supremo dell&#8217;Iran, Mojtaba Khamenei, ha annunciato l&#8217;apertura di &#8220;un nuovo capitolo&#8221; nella regione del Golfo Persico e nello Stretto di Hormuz,<\/strong> sottolineando che Teheran condivide &#8220;un destino comune&#8221; con i Paesi vicini del Golfo.<div id=\"div-gpt-ad-Messinaoggi.it-DSK-300x250-corpoart\" style=\"text-align:center;margin:0 auto;\"><\/div><\/p>\n<p>In un messaggio diffuso su X e riportato dal canale televisivo di Stato, Khamenei ha affermato che il Golfo &#8220;avr\u00e0 un futuro luminoso senza la presenza americana&#8221;. &#8220;Gli stranieri che commettono il male non hanno posto qui, se non nelle profondit\u00e0 delle acque&#8221;, ha aggiunto, promettendo che l&#8217;Iran garantir\u00e0 la sicurezza dell&#8217;intera area e porr\u00e0 fine a &#8220;qualsiasi violazione nemica&#8221; del passaggio strategico.<div id=\"videoincontent\" style=\"clear:both\";><\/div><\/p>\n<p>&#8220;Una nuova amministrazione dello Stretto di Hormuz porter\u00e0 calma, progresso e benefici economici per tutti i Paesi del Golfo&#8221;, ha dichiarato il Leader, rivolgendosi poi direttamente al popolo iraniano: &#8220;Sarete voi a difendere la sovranit\u00e0 della nazione&#8221;.<\/p>\n<p>-foto Ipa Agency-<\/p>\n<p>(ITALPRESS).<\/p><\/div>\n","protected":false},"excerpt":{"rendered":"<p>TEHERAN (ITALPRESS) &#8211; Il Leader Supremo dell&#8217;Iran, Mojtaba Khamenei, ha annunciato l&#8217;apertura di &#8220;un nuovo capitolo&#8221; nella regione del Golfo Persico e nello Stretto di Hormuz, sottolineando che Teheran condivide &#8220;un destino comune&#8221; con i Paesi vicini del Golfo. In un messaggio diffuso su X e riportato dal canale televisivo di Stato, Khamenei ha affermato [&hellip;]<\/p>\n","protected":false},"author":18,"featured_media":266110,"comment_status":"closed","ping_status":"closed","sticky":false,"template":"","format":"standard","meta":{"ub_ctt_via":"","_mi_skip_tracking":false},"categories":[446],"tags":[783],"featured_image_src":"https:\/\/www.messinaoggi.it\/website\/wp-content\/uploads\/2026\/04\/20260430_0992.jpg","author_info":{"display_name":"Admin","author_link":"https:\/\/www.messinaoggi.it\/website\/author\/admin\/"},"digistream_id":0,"digistream":false,"_links":{"self":[{"href":"https:\/\/www.messinaoggi.it\/website\/wp-json\/wp\/v2\/posts\/266109"}],"collection":[{"href":"https:\/\/www.messinaoggi.it\/website\/wp-json\/wp\/v2\/posts"}],"about":[{"href":"https:\/\/www.messinaoggi.it\/website\/wp-json\/wp\/v2\/types\/post"}],"author":[{"embeddable":true,"href":"https:\/\/www.messinaoggi.it\/website\/wp-json\/wp\/v2\/users\/18"}],"replies":[{"embeddable":true,"href":"https:\/\/www.messinaoggi.it\/website\/wp-json\/wp\/v2\/comments?post=266109"}],"version-history":[{"count":0,"href":"https:\/\/www.messinaoggi.it\/website\/wp-json\/wp\/v2\/posts\/266109\/revisions"}],"wp:featuredmedia":[{"embeddable":true,"href":"https:\/\/www.messinaoggi.it\/website\/wp-json\/wp\/v2\/media\/266110"}],"wp:attachment":[{"href":"https:\/\/www.messinaoggi.it\/website\/wp-json\/wp\/v2\/media?parent=266109"}],"wp:term":[{"taxonomy":"category","embeddable":true,"href":"https:\/\/www.messinaoggi.it\/website\/wp-json\/wp\/v2\/categories?post=266109"},{"taxonomy":"post_tag","embeddable":true,"href":"https:\/\/www.messinaoggi.it\/website\/wp-json\/wp\/v2\/tags?post=266109"}],"curies":[{"name":"wp","href":"https:\/\/api.w.org\/{rel}","templated":true}]}}