{"id":266093,"date":"2026-04-30T11:55:25","date_gmt":"2026-04-30T09:55:25","guid":{"rendered":"http:\/\/www.messinaoggi.it\/website\/?p=266093"},"modified":"2026-04-30T11:55:35","modified_gmt":"2026-04-30T09:55:35","slug":"ex-ferrotel-servirail-in-17-firmano-i-contratti-dopo-anni-di-attesa","status":"publish","type":"post","link":"https:\/\/www.messinaoggi.it\/website\/2026\/04\/30\/ex-ferrotel-servirail-in-17-firmano-i-contratti-dopo-anni-di-attesa\/","title":{"rendered":"Ex Ferrotel-Servirail, in 17 firmano i contratti dopo anni di attesa"},"content":{"rendered":"\n<p>Sono stati firmati ieri i contratti a tempo indeterminato full time per 17 lavoratori provenienti dai bacini ex Servirail ed ex Ferrotel, che entrano ufficialmente a far parte della SAS (Servizi Ausiliari Sicilia) e saranno impiegati presso il Consorzio Autostrade Siciliano.<div id=\"div-gpt-ad-Messinaoggi.it-DSK-300x250-corpoart\" style=\"text-align:center;margin:0 auto;\"><\/div><\/p>\n\n\n\n<p>Dei 17 lavoratori stabilizzati, 16 sono di Messina e uno di Palermo. Un risultato atteso da tanti anni che mette fine a una lunga storia di precariet\u00e0, incertezza lavorativa e promesse mancate.<div id=\"videoincontent\" style=\"clear:both\";><\/div><\/p>\n\n\n\n<p>\u201cSi tratta di un giorno storico che cambia per sempre la vita di questi uomini e donne \u2013 dichiara l\u2019on. Antonio De Luca, capogruppo del MoVimento 5 Stelle all\u2019Assemblea Regionale Siciliana \u2013 che consente loro di uscire definitivamente da una condizione di instabilit\u00e0 che si protraeva da troppi anni\u201d.<\/p>\n\n\n\n<p>Il parlamentare messinese sottolinea il percorso che ha portato alla stabilizzazione: \u201cQuella degli ex Ferrotel ed ex Servirail \u00e8 una battaglia che ho portato avanti per anni, passo dopo passo, seguendo ogni fase, con atti concreti, norme, solleciti e interlocuzioni istituzionali, per evitare che questi lavoratori restassero senza prospettive e senza un futuro. Non era pi\u00f9 accettabile che continuassero a essere ostaggio di ritardi e incertezze\u201d.<\/p>\n\n\n\n<p>\u201cLa firma dei contratti rappresenta non solo una risposta occupazionale, ma anche la risposta concreta a un impegno che avevo assunto anni fa. Da oggi queste persone non sono pi\u00f9 &#8220;ex&#8221;, ma lavoratori e lavoratrici che possono finalmente guardare al futuro con serenit\u00e0 e fiducia\u201d.<\/p>\n\n\n\n<p>\u201cIl traguardo odierno \u2013 conclude Antonio De Luca \u2013 \u00e8 il risultato concreto di un impegno politico costante per contrastare il precariato e garantire diritti portato avanti con determinazione e ostinazione sin dal mio primo giorno in Parlamento. Continuer\u00f2 a lavorare con il Movimento 5 Stelle affinch\u00e9 nessun lavoratore venga lasciato indietro e affinch\u00e9 queste situazioni di precariato infinito non si ripetano pi\u00f9\u201d.<\/p>\n","protected":false},"excerpt":{"rendered":"<p>Sono stati firmati ieri i contratti a tempo indeterminato full time per 17 lavoratori provenienti dai bacini ex Servirail ed ex Ferrotel, che entrano ufficialmente a far parte della SAS (Servizi Ausiliari Sicilia) e saranno impiegati presso il Consorzio Autostrade Siciliano. Dei 17 lavoratori stabilizzati, 16 sono di Messina e uno di Palermo. Un risultato [&hellip;]<\/p>\n","protected":false},"author":2,"featured_media":266094,"comment_status":"open","ping_status":"open","sticky":false,"template":"","format":"standard","meta":{"ub_ctt_via":"","_mi_skip_tracking":false},"categories":[5],"tags":[11989,9616,637],"featured_image_src":"https:\/\/www.messinaoggi.it\/website\/wp-content\/uploads\/2026\/04\/WhatsApp-Image-2026-04-30-at-09.21.41-scaled.jpeg","author_info":{"display_name":"Redazione","author_link":"https:\/\/www.messinaoggi.it\/website\/author\/redazione\/"},"digistream_id":0,"digistream":false,"_links":{"self":[{"href":"https:\/\/www.messinaoggi.it\/website\/wp-json\/wp\/v2\/posts\/266093"}],"collection":[{"href":"https:\/\/www.messinaoggi.it\/website\/wp-json\/wp\/v2\/posts"}],"about":[{"href":"https:\/\/www.messinaoggi.it\/website\/wp-json\/wp\/v2\/types\/post"}],"author":[{"embeddable":true,"href":"https:\/\/www.messinaoggi.it\/website\/wp-json\/wp\/v2\/users\/2"}],"replies":[{"embeddable":true,"href":"https:\/\/www.messinaoggi.it\/website\/wp-json\/wp\/v2\/comments?post=266093"}],"version-history":[{"count":1,"href":"https:\/\/www.messinaoggi.it\/website\/wp-json\/wp\/v2\/posts\/266093\/revisions"}],"predecessor-version":[{"id":266095,"href":"https:\/\/www.messinaoggi.it\/website\/wp-json\/wp\/v2\/posts\/266093\/revisions\/266095"}],"wp:featuredmedia":[{"embeddable":true,"href":"https:\/\/www.messinaoggi.it\/website\/wp-json\/wp\/v2\/media\/266094"}],"wp:attachment":[{"href":"https:\/\/www.messinaoggi.it\/website\/wp-json\/wp\/v2\/media?parent=266093"}],"wp:term":[{"taxonomy":"category","embeddable":true,"href":"https:\/\/www.messinaoggi.it\/website\/wp-json\/wp\/v2\/categories?post=266093"},{"taxonomy":"post_tag","embeddable":true,"href":"https:\/\/www.messinaoggi.it\/website\/wp-json\/wp\/v2\/tags?post=266093"}],"curies":[{"name":"wp","href":"https:\/\/api.w.org\/{rel}","templated":true}]}}