{"id":266084,"date":"2026-04-30T11:41:10","date_gmt":"2026-04-30T09:41:10","guid":{"rendered":"http:\/\/www.messinaoggi.it\/website\/?p=266084"},"modified":"2026-04-30T11:41:11","modified_gmt":"2026-04-30T09:41:11","slug":"caso-liste-basile-ecco-i-4-scenari-possibili","status":"publish","type":"post","link":"https:\/\/www.messinaoggi.it\/website\/2026\/04\/30\/caso-liste-basile-ecco-i-4-scenari-possibili\/","title":{"rendered":"Caso-liste Basile, ecco i 4 scenari possibili"},"content":{"rendered":"\n<p>Una cosa \u00e8 certa, alle 15 scade il termine per \u201csanare\u201d i vizi riscontrati nelle liste a sostegno di Federico Basile, candidato sindaco di Messina. Vizi riscontati dalla Commissione centrale circondariale, in Prefettura. L\u2019organismo ha concesso 24 ore di tempo per risolvere la questione legata al simbolo di \u201cSud chiama Nord\u201d presente su tutte le liste e non accompagnato da altro contrassegno. In buona sostanza, il gruppo-De Luca, ha proposto liste fotocopia con un solo simbolo e questo le rende confondibili, secondo la Commissione elettorale.<div id=\"div-gpt-ad-Messinaoggi.it-DSK-300x250-corpoart\" style=\"text-align:center;margin:0 auto;\"><\/div><\/p>\n\n\n\n<p>Oggi alle 15, il delegato di \u201cSud chiama Nord\u201d dovr\u00e0 produrre quanto richiesto per \u201csanare\u201d un vizio formale che poteva essere evitato.<div id=\"videoincontent\" style=\"clear:both\";><\/div><\/p>\n\n\n\n<p>Quali possono essere gli scenari possibili?<\/p>\n\n\n\n<p><strong>Primo scenario: accoglimento<\/strong><\/p>\n\n\n\n<p>Se la Commissione elettorale circondariale accoglie le modifiche richieste, perch\u00e9 il contrassegno \u00e8 stato sanato, allora le liste verranno regolarmente ammesse alla competizione elettorale non essendoci un problema legato alla confondibilit\u00e0. Tuttavia, questa decisione lascia il campo aperto a possibili ricorsi anche successivi alle elezioni che quindi potrebbero essere invalidate dai Tribunali amministrativi. Ricordiamo che chiunque pu\u00f2 ricorrere alla giustizia amministrativa.<\/p>\n\n\n\n<p><strong>Secondo scenario: accoglimento parziale<\/strong><\/p>\n\n\n\n<p>Non \u00e8 detto che la Commissione elettorale, anche sulla base della documentazione prodotta possa accogliere le istanze per tutte le liste. In questo caso alcune liste potrebbero essere escluse a monte, anche sulla base di ci\u00f2 che verr\u00e0 prodotto, sulla base delle richieste avanzate dall\u2019organismo di controllo elettorale.<\/p>\n\n\n\n<p><strong>Terzo scenario: rigetto<\/strong><\/p>\n\n\n\n<p>Il rigetto con conseguente esclusione delle liste paradossalmente potrebbe essere lo scenario migliore possibile per preservare la tenuta delle elezioni amministrative. Se la Commissione elettorale infatti esclude le liste collegate alla candidatura di Federico Basile, la parte \u201clesa\u201d pu\u00f2 ricorrere con una procedura d\u2019urgenza al Tar, il quale dovr\u00e0 pronunciarsi entro 3 giorni. Come detto si tratta dello scenario migliore perch\u00e9 a questo punto pu\u00f2 intervenire a monte una ordinanza che mette il \u201csigillo\u201d sulla regolarit\u00e0 delle liste o su una eventuale esclusione.<\/p>\n\n\n\n<p><strong>Quarto scenario: accoglimento e vizi persistenti<\/strong><\/p>\n\n\n\n<p>Qualora venissero sanate le liste con la proposizione di nuovi contrassegni affiancati a quello di \u201cSud chiama Nord\u201d (definita la cosiddetta lenticchia), si presenterebbe un problema di non poca importanza. Ovvero, la necessit\u00e0 di sottoscrivere nuovamente le dichiarazione di accettazione dei candidati su carta intestata con il nuovo simbolo. Questo sarebbe un vizio molto rilevante che esporrebbe l\u2019intera competizione elettorale al rischio di un ricorso giudiziario, anche a posteriori. Ovvero, dopo le elezioni stesse.<\/p>\n\n\n\n<p><strong>D. Gam.<\/strong><\/p>\n","protected":false},"excerpt":{"rendered":"<p>Una cosa \u00e8 certa, alle 15 scade il termine per \u201csanare\u201d i vizi riscontrati nelle liste a sostegno di Federico Basile, candidato sindaco di Messina. Vizi riscontati dalla Commissione centrale circondariale, in Prefettura. L\u2019organismo ha concesso 24 ore di tempo per risolvere la questione legata al simbolo di \u201cSud chiama Nord\u201d presente su tutte le [&hellip;]<\/p>\n","protected":false},"author":2,"featured_media":20715,"comment_status":"open","ping_status":"open","sticky":false,"template":"","format":"standard","meta":{"ub_ctt_via":"","_mi_skip_tracking":false},"categories":[19],"tags":[13353,2972,5307],"featured_image_src":"https:\/\/www.messinaoggi.it\/website\/wp-content\/uploads\/2018\/06\/prefettura-messina-balconata-messinaoggi-1.jpg","author_info":{"display_name":"Redazione","author_link":"https:\/\/www.messinaoggi.it\/website\/author\/redazione\/"},"digistream_id":0,"digistream":false,"_links":{"self":[{"href":"https:\/\/www.messinaoggi.it\/website\/wp-json\/wp\/v2\/posts\/266084"}],"collection":[{"href":"https:\/\/www.messinaoggi.it\/website\/wp-json\/wp\/v2\/posts"}],"about":[{"href":"https:\/\/www.messinaoggi.it\/website\/wp-json\/wp\/v2\/types\/post"}],"author":[{"embeddable":true,"href":"https:\/\/www.messinaoggi.it\/website\/wp-json\/wp\/v2\/users\/2"}],"replies":[{"embeddable":true,"href":"https:\/\/www.messinaoggi.it\/website\/wp-json\/wp\/v2\/comments?post=266084"}],"version-history":[{"count":1,"href":"https:\/\/www.messinaoggi.it\/website\/wp-json\/wp\/v2\/posts\/266084\/revisions"}],"predecessor-version":[{"id":266085,"href":"https:\/\/www.messinaoggi.it\/website\/wp-json\/wp\/v2\/posts\/266084\/revisions\/266085"}],"wp:featuredmedia":[{"embeddable":true,"href":"https:\/\/www.messinaoggi.it\/website\/wp-json\/wp\/v2\/media\/20715"}],"wp:attachment":[{"href":"https:\/\/www.messinaoggi.it\/website\/wp-json\/wp\/v2\/media?parent=266084"}],"wp:term":[{"taxonomy":"category","embeddable":true,"href":"https:\/\/www.messinaoggi.it\/website\/wp-json\/wp\/v2\/categories?post=266084"},{"taxonomy":"post_tag","embeddable":true,"href":"https:\/\/www.messinaoggi.it\/website\/wp-json\/wp\/v2\/tags?post=266084"}],"curies":[{"name":"wp","href":"https:\/\/api.w.org\/{rel}","templated":true}]}}